{"id":7549,"date":"2019-04-19T13:43:13","date_gmt":"2019-04-19T13:43:13","guid":{"rendered":"https:\/\/www.ecoconscience.tv\/?p=7549"},"modified":"2019-04-21T18:58:17","modified_gmt":"2019-04-21T18:58:17","slug":"le-togo-beneficie-de-la-phase-ii-du-mecanisme-forets-et-paysans","status":"publish","type":"post","link":"https:\/\/www.ecoconscience.tv\/le-togo-beneficie-de-la-phase-ii-du-mecanisme-forets-et-paysans\/","title":{"rendered":"Le Togo b\u00e9n\u00e9ficie de la phase II du M\u00e9canisme for\u00eats et paysans"},"content":{"rendered":"\n<figure class=\"wp-block-video\"><\/figure>\n\n\n\n<p>Le Togo b\u00e9n\u00e9ficie de la phase II du M\u00e9canisme for\u00eats et paysans (Forest and Farm facility-FFF). Avec l\u2019appui financier de la GIZ et la FAO comme structure de mise en \u0153uvre, cet ambitieux projet en faveur des organisations de producteurs forestiers et agricoles (OPFA) regroup\u00e9es au sein de la coordination togolaise des organisations paysannes (CTOP), permettra la cr\u00e9ation de paysages r\u00e9silients cl\u00e9s au Togo face au changement climatique en am\u00e9liorant les moyens d\u2019existence. <\/p>\n\n\n\n<p><strong>Il fera donc des OPFA, des agents de changements actifs dans ce processus qui vient apporter des solutions en r\u00e9alit\u00e9, aux cons\u00e9quences d\u00e9sastreuses du changement climatique sur les terres et les for\u00eats. <\/strong><\/p>\n\n\n\n<figure class=\"wp-block-image\"><img loading=\"lazy\" width=\"908\" height=\"521\" src=\"https:\/\/www.ecoconscience.tv\/wp-content\/uploads\/2019\/04\/intgdy.png\" alt=\"\" class=\"wp-image-7551\"\/><\/figure>\n\n\n\n<p>Lanc\u00e9 \u00e0 Lom\u00e9 le vendredi 12 avril dernier lors d\u2019un atelier, <em><strong>la premi\u00e8re des taches aux parties prenantes, a \u00e9t\u00e9 de d\u00e9terminer les priorit\u00e9s du plan de travail de la premi\u00e8re ann\u00e9e (2019), notamment des mesures concr\u00e8tes pour renforcer l\u2019\u00e9galit\u00e9 entre les sexes et les actions r\u00e9alisables pour ce programme triennal ( 2019-2022).<\/strong><\/em><\/p>\n\n\n\n<p>Les d\u00e9tails sur le sujet \u00e0 lire dans le reportage.<\/p>\n\n\n\n<p>Chris.A<\/p>\n","protected":false},"excerpt":{"rendered":"<p>Le Togo b\u00e9n\u00e9ficie de la phase II du M\u00e9canisme for\u00eats et paysans (Forest and Farm facility-FFF). Avec l\u2019appui financier de la GIZ et la FAO comme structure de mise en \u0153uvre, cet ambitieux projet en faveur des organisations de producteurs forestiers et agricoles (OPFA) regroup\u00e9es au sein de la coordination togolaise des organisations paysannes (CTOP), [&hellip;]<\/p>\n","protected":false},"author":2,"featured_media":7552,"comment_status":"open","ping_status":"open","sticky":false,"template":"","format":"video","meta":{"ec_post_video":"https:\/\/www.youtube.com\/watch?v=8Xl9XnjSnco"},"categories":[372],"tags":[1728,1727,15],"odd":[],"_links":{"self":[{"href":"https:\/\/www.ecoconscience.tv\/api\/wp\/v2\/posts\/7549"}],"collection":[{"href":"https:\/\/www.ecoconscience.tv\/api\/wp\/v2\/posts"}],"about":[{"href":"https:\/\/www.ecoconscience.tv\/api\/wp\/v2\/types\/post"}],"author":[{"embeddable":true,"href":"https:\/\/www.ecoconscience.tv\/api\/wp\/v2\/users\/2"}],"replies":[{"embeddable":true,"href":"https:\/\/www.ecoconscience.tv\/api\/wp\/v2\/comments?post=7549"}],"version-history":[{"count":3,"href":"https:\/\/www.ecoconscience.tv\/api\/wp\/v2\/posts\/7549\/revisions"}],"predecessor-version":[{"id":7581,"href":"https:\/\/www.ecoconscience.tv\/api\/wp\/v2\/posts\/7549\/revisions\/7581"}],"wp:featuredmedia":[{"embeddable":true,"href":"https:\/\/www.ecoconscience.tv\/api\/wp\/v2\/media\/7552"}],"wp:attachment":[{"href":"https:\/\/www.ecoconscience.tv\/api\/wp\/v2\/media?parent=7549"}],"wp:term":[{"taxonomy":"category","embeddable":true,"href":"https:\/\/www.ecoconscience.tv\/api\/wp\/v2\/categories?post=7549"},{"taxonomy":"post_tag","embeddable":true,"href":"https:\/\/www.ecoconscience.tv\/api\/wp\/v2\/tags?post=7549"},{"taxonomy":"odd","embeddable":true,"href":"https:\/\/www.ecoconscience.tv\/api\/wp\/v2\/odd?post=7549"}],"curies":[{"name":"wp","href":"https:\/\/api.w.org\/{rel}","templated":true}]}}