{"id":7476,"date":"2019-04-02T09:33:00","date_gmt":"2019-04-02T09:33:00","guid":{"rendered":"https:\/\/www.ecoconscience.tv\/?p=7476"},"modified":"2019-04-03T09:41:30","modified_gmt":"2019-04-03T09:41:30","slug":"projet-digital-house-sandra-keleou-peut-desormais-utiliser-linternet-a-bon-escient","status":"publish","type":"post","link":"https:\/\/www.ecoconscience.tv\/projet-digital-house-sandra-keleou-peut-desormais-utiliser-linternet-a-bon-escient\/","title":{"rendered":"Projet Digital House : Sandra Keleou peut d\u00e9sormais utiliser l\u2019internet \u00e0 bon escient"},"content":{"rendered":"\n<figure class=\"wp-block-video\"><\/figure>\n\n\n\n<p><strong>Le projet Digital House initi\u00e9 pour les femmes et  soutenu par la fondation Teolis  connait ses premi\u00e8res laur\u00e9ates. 12 jeunes femmes ont en effet, b\u00e9n\u00e9fici\u00e9 d\u2019une semaine de formation sur l\u2019introduction aux TICs, la gestion du bureau informatique, du Pack Office, la communication web et internet, une voie pour le business.  Les participantes \u00e0 cette premi\u00e8re vague form\u00e9e par l\u2019\u00e9quipe Dig-IT-all venue de l\u2019Universit\u00e9 de Cr\u00e9teil, ont re\u00e7u leurs attestations de fin de formation le jeudi 28 mars dernier \u00e0 Lom\u00e9. <\/strong><\/p>\n\n\n\n<p>Elles sont d\u00e9sormais aptes \u00e0 utiliser pour exemple, l\u2019internet \u00e0 des fins de recherches acad\u00e9miques et pouvoir par ailleurs, am\u00e9liorer leur comp\u00e9titivit\u00e9 sur le march\u00e9 du travail et ainsi accroitre leur potentiel social.<br> Les d\u00e9tails sur le sujet \u00e0 suivre dans le reportage.<br> Chris. A<br> <\/p>\n","protected":false},"excerpt":{"rendered":"<p>Le projet Digital House initi\u00e9 pour les femmes et soutenu par la fondation Teolis connait ses premi\u00e8res laur\u00e9ates. 12 jeunes femmes ont en effet, b\u00e9n\u00e9fici\u00e9 d\u2019une semaine de formation sur l\u2019introduction aux TICs, la gestion du bureau informatique, du Pack Office, la communication web et internet, une voie pour le business. Les participantes \u00e0 cette [&hellip;]<\/p>\n","protected":false},"author":2,"featured_media":7478,"comment_status":"open","ping_status":"open","sticky":false,"template":"","format":"video","meta":{"ec_post_video":"https:\/\/www.youtube.com\/watch?v=frvurz0X_F0"},"categories":[2],"tags":[],"odd":[],"_links":{"self":[{"href":"https:\/\/www.ecoconscience.tv\/api\/wp\/v2\/posts\/7476"}],"collection":[{"href":"https:\/\/www.ecoconscience.tv\/api\/wp\/v2\/posts"}],"about":[{"href":"https:\/\/www.ecoconscience.tv\/api\/wp\/v2\/types\/post"}],"author":[{"embeddable":true,"href":"https:\/\/www.ecoconscience.tv\/api\/wp\/v2\/users\/2"}],"replies":[{"embeddable":true,"href":"https:\/\/www.ecoconscience.tv\/api\/wp\/v2\/comments?post=7476"}],"version-history":[{"count":2,"href":"https:\/\/www.ecoconscience.tv\/api\/wp\/v2\/posts\/7476\/revisions"}],"predecessor-version":[{"id":7480,"href":"https:\/\/www.ecoconscience.tv\/api\/wp\/v2\/posts\/7476\/revisions\/7480"}],"wp:featuredmedia":[{"embeddable":true,"href":"https:\/\/www.ecoconscience.tv\/api\/wp\/v2\/media\/7478"}],"wp:attachment":[{"href":"https:\/\/www.ecoconscience.tv\/api\/wp\/v2\/media?parent=7476"}],"wp:term":[{"taxonomy":"category","embeddable":true,"href":"https:\/\/www.ecoconscience.tv\/api\/wp\/v2\/categories?post=7476"},{"taxonomy":"post_tag","embeddable":true,"href":"https:\/\/www.ecoconscience.tv\/api\/wp\/v2\/tags?post=7476"},{"taxonomy":"odd","embeddable":true,"href":"https:\/\/www.ecoconscience.tv\/api\/wp\/v2\/odd?post=7476"}],"curies":[{"name":"wp","href":"https:\/\/api.w.org\/{rel}","templated":true}]}}