{"id":7467,"date":"2019-04-02T16:50:04","date_gmt":"2019-04-02T16:50:04","guid":{"rendered":"https:\/\/www.ecoconscience.tv\/?p=7467"},"modified":"2019-04-02T16:50:09","modified_gmt":"2019-04-02T16:50:09","slug":"gestion-des-produits-chimiques-et-des-dechets-une-vision-au-dela-de-2020-saicm2-0-se-prepare","status":"publish","type":"post","link":"https:\/\/www.ecoconscience.tv\/gestion-des-produits-chimiques-et-des-dechets-une-vision-au-dela-de-2020-saicm2-0-se-prepare\/","title":{"rendered":"Gestion des produits chimiques et des d\u00e9chets : Une vision au-del\u00e0 de 2020\/ SAICM2.0 se pr\u00e9pare"},"content":{"rendered":"\n<figure class=\"wp-block-video\"><\/figure>\n\n\n\n<p><strong>Du 2 au 4 Avril 2019 \u00e0 Montevideo, Uruguay, tous les acteurs, des secteurs public, priv\u00e9, des industries et de la soci\u00e9t\u00e9 civil intervenant sur les questions\u00a0 des produits chimiques, prennent part \u00e0 la troisi\u00e8me\u00a0r\u00e9union du Groupe de travail \u00e0 composition non limit\u00e9e sur la gestion internationale des produits chimiques organis\u00e9e par l\u2019ONU Environnement portant sur son programme mondial sp\u00e9cifique\u00a0 sur la gestion des produits chimique d\u00e9nomm\u00e9e SAICM (en Anglais &#8211; Strategic Approach to International Chemicals Management).<\/strong><\/p>\n\n\n\n<p>Essentiellement\nlors de cette r\u00e9union, dont les travaux d\u00e9butent ce mardi 02 avril ici en\nAm\u00e9rique latine, le Groupe de travail examinera en d\u00e9tail l\u2019Approche\nstrat\u00e9gique et la question de la gestion rationnelle des produits chimiques et\ndes d\u00e9chets au-del\u00e0 de 2020 et devra \u00e9laborer des recommandations qui seront\npr\u00e9sent\u00e9es \u00e0 la Conf\u00e9rence internationale sur la gestion des produits chimiques\n\u00e0 sa cinqui\u00e8me&nbsp;session. Le Groupe de travail \u00e0 composition non limit\u00e9e\ndevrait \u00e9galement d\u00e9terminer s\u2019il faut recourir \u00e0 d\u2019autres informations pour\nappuyer le processus relatif \u00e0 la gestion rationnelle des produits chimiques et\ndes d\u00e9chets au\u2011del\u00e0 de 2020.<\/p>\n\n\n\n<figure class=\"wp-block-image\"><img loading=\"lazy\" width=\"4032\" height=\"2268\" src=\"https:\/\/www.ecoconscience.tv\/wp-content\/uploads\/2019\/04\/20190402_101803.jpg\" alt=\"\" class=\"wp-image-7471\"\/><\/figure>\n\n\n\n<p>Il\nconvient \u00e9galement de rappeler qu\u2019il reste \u00e0 peine un an pour atteindre\nl\u2019objectif arr\u00eat\u00e9 lors du Sommet mondial de 2002 sur le d\u00e9veloppement durable, selon\nlequel, d\u2019ici \u00e0 2020, les produits chimiques devraient \u00eatre utilis\u00e9s et\nproduits de mani\u00e8re que leurs graves effets n\u00e9fastes sur la sant\u00e9 des \u00eatres\nhumains et l\u2019environnement soient r\u00e9duits au minimum. <\/p>\n\n\n\n<p>Cette\ntroisi\u00e8me&nbsp;r\u00e9union du Groupe de travail \u00e0 composition non limit\u00e9e vise \u00e0\nprogresser sur la voie de l\u2019objectif fix\u00e9 par l\u2019Approche strat\u00e9gique pour 2020,\ny compris mettre en \u00e9vidence les principaux domaines dans lesquels des mesures\ndoivent \u00eatre prises avant la cinqui\u00e8me session de la Conf\u00e9rence et d\u00e9terminer\nles r\u00e9sultats positifs obtenus gr\u00e2ce \u00e0 l\u2019Approche strat\u00e9gique qui pourront \u00eatre\nc\u00e9l\u00e9br\u00e9s \u00e0 l\u2019occasion de la cinqui\u00e8me&nbsp;session de la Conf\u00e9rence.<\/p>\n\n\n\n<p><strong><em>Pourquoi SAICM&nbsp;?<\/em><\/strong><\/p>\n\n\n\n<figure class=\"wp-block-image\"><img loading=\"lazy\" width=\"1903\" height=\"284\" src=\"https:\/\/www.ecoconscience.tv\/wp-content\/uploads\/2019\/04\/saicm-banner.png\" alt=\"\" class=\"wp-image-7470\"\/><\/figure>\n\n\n\n<p>Au paragraphe 23 du Plan de mise en \u0153uvre de Johannesburg adopt\u00e9 lors du Sommet mondial sur D\u00e9veloppement durable en 2002, les gouvernements ont d\u00e9fini l\u2019objectif \u00ab d\u2019atteindre d&rsquo;ici 2020, que les produits chimiques sont utilis\u00e9s et fabriqu\u00e9s de mani\u00e8re \u00e0 r\u00e9duire au minimum les effets n\u00e9gatifs importants la sant\u00e9 humaine et l\u2019environnement \u00bb(voir annexe A). Cet objectif a ensuite \u00e9t\u00e9 adopt\u00e9 dans le cadre du Approche strat\u00e9gique de la gestion internationale des produits chimiques par la Conf\u00e9rence internationale de Gestion des produits chimiques \u00e0 sa premi\u00e8re session en 2006. <\/p>\n\n\n\n<p>L\u2019importance de la\ngestion rationnelle des produits chimiques pour la protection de la sant\u00e9\nhumaine et l\u2019environnement, et donc pour le d\u00e9veloppement durable, a \u00e9t\u00e9\nreconnu \u00e0 plusieurs \u00e9gards. Reprises par des chefs d&rsquo;\u00c9tat et de gouvernement et\ndes repr\u00e9sentants de haut niveau \u00e0 Conf\u00e9rence des Nations Unies sur le\nd\u00e9veloppement durable, tenue \u00e0 Rio de Janeiro en juin 2012.<\/p>\n\n\n\n<p>Dans le document final\nde la Conf\u00e9rence intitul\u00e9 \u00ab <em>L\u2019avenir que\nnous voulons<\/em> \u00bb, ils ont r\u00e9affirm\u00e9 l\u2019objectif d\u2019atteindre, d\u2019ici \u00e0 2020, la\ngestion rationnelle des produits chimiques tout au long de leur cycle de vie et\ndes produits dangereux et d\u00e9chets de mani\u00e8re \u00e0 r\u00e9duire au minimum les effets\nn\u00e9gatifs importants sur la sant\u00e9 humaine et l\u2019environnement, comme indiqu\u00e9 dans\nle <strong>Plan d\u2019application de Johannesburg<\/strong>.<\/p>\n\n\n\n<p>L\u2019Assembl\u00e9e des Nations\nUnies pour l\u2019environnement, dans sa r\u00e9solution 1\/5, a salu\u00e9 l\u2019importante\ncontribution de &nbsp;l\u2019Approche strat\u00e9gique\nvisant \u00e0 faciliter l\u2019action de toutes les parties prenantes pour une gestion\nrationnelle des produits chimiques et des d\u00e9chets, et a soulign\u00e9 la n\u00e9cessit\u00e9\nde poursuivre et de renforcer les activit\u00e9s multisectorielles.<\/p>\n\n\n\n<p>Guid\u00e9 par la <strong>D\u00e9claration de Duba\u00ef<\/strong> sur la gestion\ninternationale des produits chimiques, la Strat\u00e9gie globale et le Plan d\u2019action\nmondial, l\u2019Approche strat\u00e9gique fournit un cadre politique pour soutenir les\nefforts pour atteindre l&rsquo;objectif du Sommet mondial. Il compl\u00e8te les produits\nchimiques internationaux et d\u00e9chets en int\u00e9grant les accords multilat\u00e9raux sur\nl&rsquo;environnement existants et en r\u00e9pondant aux besoins.<\/p>\n\n\n\n<p>La SAICM est le seul\nm\u00e9canisme mondial qui couvre tous les produits chimiques agricoles et\nindustriels, tout au long de leur cycle de vie. Il a cr\u00e9\u00e9 un partenariat\nmultipartite inclusif et global et plate-forme multisectorielle pour la\nr\u00e9alisation de l\u2019objectif du Sommet mondial de gestion rationnelle des produits\nchimiques d\u2019ici 2020.<\/p>\n\n\n\n<p>Cette approche permet\nune prise en compte \u00e9quilibr\u00e9e de tous les facteurs pertinents pour la gestion\ndes produits chimiques, notamment l\u2019identification des questions politiques\n\u00e9mergentes, et fournit un cadre flexible pour action internationale qui\ncompl\u00e8te et va au-del\u00e0 des approches juridiquement contraignantes.<\/p>\n\n\n\n<p>Si des progr\u00e8s\nimportants ont \u00e9t\u00e9 accomplis dans la r\u00e9alisation de l\u2019objectif de 2020, les changements\nqui depuis sa cr\u00e9ation en 2002 et depuis l&rsquo;adoption de l&rsquo;approche strat\u00e9gique\nen 2006, il est maintenant n\u00e9cessit\u00e9 de r\u00e9fl\u00e9chir aux progr\u00e8s accomplis dans la\nr\u00e9alisation de l\u2019objectif 2020, de comprendre la mise en \u0153uvre et hi\u00e9rarchiser\nles actions. Il existe \u00e9galement un besoin continu de comprendre et de traiter\nles d\u00e9fis et des capacit\u00e9s diff\u00e9rents selon les pays en d\u00e9veloppement, pays \u00e0 \u00e9conomies\nen transition et pays d\u00e9velopp\u00e9s. <\/p>\n\n\n\n<p>Rappelons\nque la gestion rationnelle des produits chimiques et des d\u00e9chets devient un s\u00e9rieux\nenjeu et d\u00e9fi pour tous les Etats. Dans une soci\u00e9t\u00e9 o\u00f9 tout se jette, les\nd\u00e9chets sont un enjeu qui touche \u00e0 la sant\u00e9 des individus et \u00e0 leurs moyens de\nsubsistance, mais aussi \u00e0 l\u2019environnement et \u00e0 la prosp\u00e9rit\u00e9 \u00e9conomique. Selon\nun rapport de la banque mondiale intitul\u00e9e \u00ab&nbsp;<em>What Waste 2.0<\/em>&nbsp;\u00bb, le monde produit 2,01 milliard de tonne de d\u00e9chets\nurbain solides par an dont au moins 33% ne sont pas trait\u00e9s correctement, c\u2019est\n\u00e0 dire dans le respect de l\u2019environnement.<\/p>\n\n\n\n<p>D\u2019apr\u00e8s\nce rapport,&nbsp; la production de d\u00e9chets\nsera multipli\u00e9e par trois en Afrique subsaharienne et&nbsp; par deux en Asie du\nSud, et que ces deux r\u00e9gions repr\u00e9senteront 35&nbsp;% des d\u00e9chets produits sur\nla plan\u00e8te en 2050.&nbsp;La r\u00e9gion Moyen-Orient et Afrique du Nord devrait\n\u00e9galement doubler sa production de d\u00e9chets d&rsquo;ici 2050.&nbsp;<\/p>\n\n\n\n<p><strong><em>Rolande Aziaka, Association\nWelfare depuis Uruguay, Am\u00e9rique Latine.<\/em><\/strong><\/p>\n","protected":false},"excerpt":{"rendered":"<p>Du 2 au 4 Avril 2019 \u00e0 Montevideo, Uruguay, tous les acteurs, des secteurs public, priv\u00e9, des industries et de la soci\u00e9t\u00e9 civil intervenant sur les questions\u00a0 des produits chimiques, prennent part \u00e0 la troisi\u00e8me\u00a0r\u00e9union du Groupe de travail \u00e0 composition non limit\u00e9e sur la gestion internationale des produits chimiques organis\u00e9e par l\u2019ONU Environnement portant [&hellip;]<\/p>\n","protected":false},"author":2,"featured_media":7469,"comment_status":"open","ping_status":"open","sticky":false,"template":"","format":"video","meta":{"ec_post_video":"https:\/\/www.youtube.com\/watch?v=IOCeq7VcmUI"},"categories":[372],"tags":[],"odd":[],"_links":{"self":[{"href":"https:\/\/www.ecoconscience.tv\/api\/wp\/v2\/posts\/7467"}],"collection":[{"href":"https:\/\/www.ecoconscience.tv\/api\/wp\/v2\/posts"}],"about":[{"href":"https:\/\/www.ecoconscience.tv\/api\/wp\/v2\/types\/post"}],"author":[{"embeddable":true,"href":"https:\/\/www.ecoconscience.tv\/api\/wp\/v2\/users\/2"}],"replies":[{"embeddable":true,"href":"https:\/\/www.ecoconscience.tv\/api\/wp\/v2\/comments?post=7467"}],"version-history":[{"count":2,"href":"https:\/\/www.ecoconscience.tv\/api\/wp\/v2\/posts\/7467\/revisions"}],"predecessor-version":[{"id":7473,"href":"https:\/\/www.ecoconscience.tv\/api\/wp\/v2\/posts\/7467\/revisions\/7473"}],"wp:featuredmedia":[{"embeddable":true,"href":"https:\/\/www.ecoconscience.tv\/api\/wp\/v2\/media\/7469"}],"wp:attachment":[{"href":"https:\/\/www.ecoconscience.tv\/api\/wp\/v2\/media?parent=7467"}],"wp:term":[{"taxonomy":"category","embeddable":true,"href":"https:\/\/www.ecoconscience.tv\/api\/wp\/v2\/categories?post=7467"},{"taxonomy":"post_tag","embeddable":true,"href":"https:\/\/www.ecoconscience.tv\/api\/wp\/v2\/tags?post=7467"},{"taxonomy":"odd","embeddable":true,"href":"https:\/\/www.ecoconscience.tv\/api\/wp\/v2\/odd?post=7467"}],"curies":[{"name":"wp","href":"https:\/\/api.w.org\/{rel}","templated":true}]}}