{"id":7455,"date":"2019-04-01T13:15:28","date_gmt":"2019-04-01T13:15:28","guid":{"rendered":"https:\/\/www.ecoconscience.tv\/?p=7455"},"modified":"2019-04-01T13:15:29","modified_gmt":"2019-04-01T13:15:29","slug":"forum-vsf-suisse-les-producteurs-de-miel-et-karite-de-tchamba-commercialiseront-mieux","status":"publish","type":"post","link":"https:\/\/www.ecoconscience.tv\/forum-vsf-suisse-les-producteurs-de-miel-et-karite-de-tchamba-commercialiseront-mieux\/","title":{"rendered":"Forum VSF-Suisse : les producteurs de miel et karit\u00e9 de Tchamba commercialiseront mieux"},"content":{"rendered":"\n<p><strong>V\u00e9t\u00e9rinaires Sans Fronti\u00e8res Suisse (VSF-Suisse) aimerait voir les producteurs et transformateurs de karit\u00e9 et du miel de la pr\u00e9fecture de Tchamba prosp\u00e9rer dans la commercialisation de ces produits forestiers non ligneux. <\/strong><\/p>\n\n\n\n<figure class=\"wp-block-image\"><img loading=\"lazy\" width=\"1080\" height=\"597\" src=\"https:\/\/www.ecoconscience.tv\/wp-content\/uploads\/2019\/04\/20190401_100716.jpg\" alt=\"\" class=\"wp-image-7457\"\/><\/figure>\n\n\n\n<p>Pour se faire, cette ONG membre de VSF International a organis\u00e9 le jeudi 28 mars dernier \u00e0 Tchamba, un forum des acteurs de ces fili\u00e8res sus mentionn\u00e9es pour qu\u2019ensemble avec les structures d\u2019appui, un cadre de mise en relation, d\u2019\u00e9changes, de r\u00e9flexion et de proposition entre  les parties prenantes puisse \u00eatre cr\u00e9\u00e9 pour l\u2019augmentation des capacit\u00e9s de commercialisation desdits producteurs. La n\u00e9cessit\u00e9 \u00e0 ces derniers de s\u2019organiser en coop\u00e9rative est l\u2019une des recommandations \u00e0 retenir \u00e0 l\u2019issue des travaux.<br> <\/p>\n\n\n\n<p>Les d\u00e9tails \u00e0 suivre dans le reportage.<br>Chris. A<\/p>\n","protected":false},"excerpt":{"rendered":"<p>V\u00e9t\u00e9rinaires Sans Fronti\u00e8res Suisse (VSF-Suisse) aimerait voir les producteurs et transformateurs de karit\u00e9 et du miel de la pr\u00e9fecture de Tchamba prosp\u00e9rer dans la commercialisation de ces produits forestiers non ligneux. Pour se faire, cette ONG membre de VSF International a organis\u00e9 le jeudi 28 mars dernier \u00e0 Tchamba, un forum des acteurs de ces [&hellip;]<\/p>\n","protected":false},"author":2,"featured_media":7458,"comment_status":"open","ping_status":"open","sticky":false,"template":"","format":"video","meta":{"ec_post_video":"https:\/\/m.youtube.com\/watch?v=gm3U8cNDCg8"},"categories":[2],"tags":[],"odd":[],"_links":{"self":[{"href":"https:\/\/www.ecoconscience.tv\/api\/wp\/v2\/posts\/7455"}],"collection":[{"href":"https:\/\/www.ecoconscience.tv\/api\/wp\/v2\/posts"}],"about":[{"href":"https:\/\/www.ecoconscience.tv\/api\/wp\/v2\/types\/post"}],"author":[{"embeddable":true,"href":"https:\/\/www.ecoconscience.tv\/api\/wp\/v2\/users\/2"}],"replies":[{"embeddable":true,"href":"https:\/\/www.ecoconscience.tv\/api\/wp\/v2\/comments?post=7455"}],"version-history":[{"count":2,"href":"https:\/\/www.ecoconscience.tv\/api\/wp\/v2\/posts\/7455\/revisions"}],"predecessor-version":[{"id":7460,"href":"https:\/\/www.ecoconscience.tv\/api\/wp\/v2\/posts\/7455\/revisions\/7460"}],"wp:featuredmedia":[{"embeddable":true,"href":"https:\/\/www.ecoconscience.tv\/api\/wp\/v2\/media\/7458"}],"wp:attachment":[{"href":"https:\/\/www.ecoconscience.tv\/api\/wp\/v2\/media?parent=7455"}],"wp:term":[{"taxonomy":"category","embeddable":true,"href":"https:\/\/www.ecoconscience.tv\/api\/wp\/v2\/categories?post=7455"},{"taxonomy":"post_tag","embeddable":true,"href":"https:\/\/www.ecoconscience.tv\/api\/wp\/v2\/tags?post=7455"},{"taxonomy":"odd","embeddable":true,"href":"https:\/\/www.ecoconscience.tv\/api\/wp\/v2\/odd?post=7455"}],"curies":[{"name":"wp","href":"https:\/\/api.w.org\/{rel}","templated":true}]}}