{"id":7440,"date":"2019-03-19T17:25:53","date_gmt":"2019-03-19T17:25:53","guid":{"rendered":"https:\/\/www.ecoconscience.tv\/?p=7440"},"modified":"2019-03-26T17:28:18","modified_gmt":"2019-03-26T17:28:18","slug":"objets-connectes-de-confiance-le-consommateur-a-le-droit-detre-protege","status":"publish","type":"post","link":"https:\/\/www.ecoconscience.tv\/objets-connectes-de-confiance-le-consommateur-a-le-droit-detre-protege\/","title":{"rendered":"Objets connect\u00e9s de confiance : le consommateur a le droit d\u2019\u00eatre prot\u00e9g\u00e9"},"content":{"rendered":"\n<figure class=\"wp-block-video\"><\/figure>\n\n\n\n<p>La ligue des Consommateurs du Togo (LCT-Togo) a comme ses cons\u0153urs de par le monde, c\u00e9l\u00e9br\u00e9 le 15 mars, journ\u00e9e mondiale des droits des consommateurs.<\/p>\n\n\n\n<p><strong> A travers une conf\u00e9rence publique autour du th\u00e8me \u00ab les produits connect\u00e9s de confiance \u00bb, les discussions ont port\u00e9 sur la loi sur les transactions \u00e9lectroniques, quelle protection du consommateur des objets connect\u00e9s ou encore, le consommateur et l\u2019acc\u00e8s \u00e0 des biens et services num\u00e9riques connect\u00e9s : analyses et perspectives. En termes de droits des consommateurs pour rappel, on peut citer le droit \u00e0 l\u2019information, le droit (\u2026).<\/strong><\/p>\n\n\n\n<p>Lire le reportage&#8230;<\/p>\n","protected":false},"excerpt":{"rendered":"<p>La ligue des Consommateurs du Togo (LCT-Togo) a comme ses cons\u0153urs de par le monde, c\u00e9l\u00e9br\u00e9 le 15 mars, journ\u00e9e mondiale des droits des consommateurs. A travers une conf\u00e9rence publique autour du th\u00e8me \u00ab les produits connect\u00e9s de confiance \u00bb, les discussions ont port\u00e9 sur la loi sur les transactions \u00e9lectroniques, quelle protection du consommateur [&hellip;]<\/p>\n","protected":false},"author":2,"featured_media":7442,"comment_status":"open","ping_status":"open","sticky":false,"template":"","format":"video","meta":{"ec_post_video":"https:\/\/m.youtube.com\/watch?v=lMSkMEJ8mx0"},"categories":[372,2],"tags":[],"odd":[],"_links":{"self":[{"href":"https:\/\/www.ecoconscience.tv\/api\/wp\/v2\/posts\/7440"}],"collection":[{"href":"https:\/\/www.ecoconscience.tv\/api\/wp\/v2\/posts"}],"about":[{"href":"https:\/\/www.ecoconscience.tv\/api\/wp\/v2\/types\/post"}],"author":[{"embeddable":true,"href":"https:\/\/www.ecoconscience.tv\/api\/wp\/v2\/users\/2"}],"replies":[{"embeddable":true,"href":"https:\/\/www.ecoconscience.tv\/api\/wp\/v2\/comments?post=7440"}],"version-history":[{"count":2,"href":"https:\/\/www.ecoconscience.tv\/api\/wp\/v2\/posts\/7440\/revisions"}],"predecessor-version":[{"id":7444,"href":"https:\/\/www.ecoconscience.tv\/api\/wp\/v2\/posts\/7440\/revisions\/7444"}],"wp:featuredmedia":[{"embeddable":true,"href":"https:\/\/www.ecoconscience.tv\/api\/wp\/v2\/media\/7442"}],"wp:attachment":[{"href":"https:\/\/www.ecoconscience.tv\/api\/wp\/v2\/media?parent=7440"}],"wp:term":[{"taxonomy":"category","embeddable":true,"href":"https:\/\/www.ecoconscience.tv\/api\/wp\/v2\/categories?post=7440"},{"taxonomy":"post_tag","embeddable":true,"href":"https:\/\/www.ecoconscience.tv\/api\/wp\/v2\/tags?post=7440"},{"taxonomy":"odd","embeddable":true,"href":"https:\/\/www.ecoconscience.tv\/api\/wp\/v2\/odd?post=7440"}],"curies":[{"name":"wp","href":"https:\/\/api.w.org\/{rel}","templated":true}]}}