{"id":7434,"date":"2019-03-25T16:46:25","date_gmt":"2019-03-25T16:46:25","guid":{"rendered":"https:\/\/www.ecoconscience.tv\/?p=7434"},"modified":"2019-03-26T17:06:47","modified_gmt":"2019-03-26T17:06:47","slug":"le-maire-de-tsevie-bruno-loglo-promeut-son-projet-energetique","status":"publish","type":"post","link":"https:\/\/www.ecoconscience.tv\/le-maire-de-tsevie-bruno-loglo-promeut-son-projet-energetique\/","title":{"rendered":"Le maire de Ts\u00e9vi\u00e9 Bruno Loglo promeut son projet \u00e9nerg\u00e9tique au-del\u00e0 des fronti\u00e8res"},"content":{"rendered":"\n<figure class=\"wp-block-video\"><\/figure>\n\n\n\n<p>Le programme de promotion de l\u2019\u00e9nergie pour le d\u00e9veloppement (PPED) de la ville de Ts\u00e9vi\u00e9 devient un cas d\u2019\u00e9cole qui s\u2019exporte un peu partout dans le monde. Ainsi, apr\u00e8s la COP24 \u00e0 Katowice en Pologne, le PPED a une nouvelle fois \u00e9t\u00e9 pr\u00e9sent\u00e9 \u00e0 la semaine africaine du climat \u00e0 Accra (Ghana).<\/p>\n\n\n\n<p><strong>Avec son b\u00e2ton de p\u00e8lerin, Kossi Brunon LOGLO, le maire de ladite ville a vant\u00e9 les m\u00e9rites de ce projet qui, dans un contexte de changement climatique, fera bient\u00f4t de Ts\u00e9vi\u00e9 une ville durable avec des options \u00e9nerg\u00e9tiques qui respectent l\u2019environnement. <\/strong><br> <\/p>\n\n\n\n<p>Les d\u00e9tails sur le sujet \u00e0 lire dans le reportage.<\/p>\n\n\n\n<p>Chris. A<\/p>\n","protected":false},"excerpt":{"rendered":"<p>Le programme de promotion de l\u2019\u00e9nergie pour le d\u00e9veloppement (PPED) de la ville de Ts\u00e9vi\u00e9 devient un cas d\u2019\u00e9cole qui s\u2019exporte un peu partout dans le monde. Ainsi, apr\u00e8s la COP24 \u00e0 Katowice en Pologne, le PPED a une nouvelle fois \u00e9t\u00e9 pr\u00e9sent\u00e9 \u00e0 la semaine africaine du climat \u00e0 Accra (Ghana). Avec son b\u00e2ton [&hellip;]<\/p>\n","protected":false},"author":2,"featured_media":7436,"comment_status":"open","ping_status":"open","sticky":false,"template":"","format":"video","meta":{"ec_post_video":"https:\/\/m.youtube.com\/watch?v=sJKVWUZCle0"},"categories":[372,2],"tags":[],"odd":[],"_links":{"self":[{"href":"https:\/\/www.ecoconscience.tv\/api\/wp\/v2\/posts\/7434"}],"collection":[{"href":"https:\/\/www.ecoconscience.tv\/api\/wp\/v2\/posts"}],"about":[{"href":"https:\/\/www.ecoconscience.tv\/api\/wp\/v2\/types\/post"}],"author":[{"embeddable":true,"href":"https:\/\/www.ecoconscience.tv\/api\/wp\/v2\/users\/2"}],"replies":[{"embeddable":true,"href":"https:\/\/www.ecoconscience.tv\/api\/wp\/v2\/comments?post=7434"}],"version-history":[{"count":2,"href":"https:\/\/www.ecoconscience.tv\/api\/wp\/v2\/posts\/7434\/revisions"}],"predecessor-version":[{"id":7438,"href":"https:\/\/www.ecoconscience.tv\/api\/wp\/v2\/posts\/7434\/revisions\/7438"}],"wp:featuredmedia":[{"embeddable":true,"href":"https:\/\/www.ecoconscience.tv\/api\/wp\/v2\/media\/7436"}],"wp:attachment":[{"href":"https:\/\/www.ecoconscience.tv\/api\/wp\/v2\/media?parent=7434"}],"wp:term":[{"taxonomy":"category","embeddable":true,"href":"https:\/\/www.ecoconscience.tv\/api\/wp\/v2\/categories?post=7434"},{"taxonomy":"post_tag","embeddable":true,"href":"https:\/\/www.ecoconscience.tv\/api\/wp\/v2\/tags?post=7434"},{"taxonomy":"odd","embeddable":true,"href":"https:\/\/www.ecoconscience.tv\/api\/wp\/v2\/odd?post=7434"}],"curies":[{"name":"wp","href":"https:\/\/api.w.org\/{rel}","templated":true}]}}