{"id":7406,"date":"2019-03-22T07:33:21","date_gmt":"2019-03-22T07:33:21","guid":{"rendered":"https:\/\/www.ecoconscience.tv\/?p=7406"},"modified":"2019-03-22T07:33:24","modified_gmt":"2019-03-22T07:33:24","slug":"climat-nana-akufo-addo-appelle-a-un-decuplement-des-efforts-pour-mieux-lutter-contre-les-cc","status":"publish","type":"post","link":"https:\/\/www.ecoconscience.tv\/climat-nana-akufo-addo-appelle-a-un-decuplement-des-efforts-pour-mieux-lutter-contre-les-cc\/","title":{"rendered":"Climat: Nana Akufo-Addo appelle \u00e0 un d\u00e9cuplement des efforts pour mieux lutter contre les CC"},"content":{"rendered":"\n<figure class=\"wp-block-video\"><\/figure>\n\n\n\n<p><strong> Seul pr\u00e9sident d\u2019une R\u00e9publique  (Ghana) \u00e0 l\u2019ouverture de la session de haut niveau de la semaine africaine du climat le mercredi dernier \u00e0 Accra, Nana AKUFO-ADDO n\u2019a pas pass\u00e9 sous silence les effets du changement climatique sur les populations du continent africain. <\/strong><\/p>\n\n\n\n<p><em>\u00ab\u00a0Nous devons nous engager \u00e0  faire des d\u00e9marches concr\u00e8tes pour prot\u00e9ger le climat\u2019\u2019<\/em> dit-il. Bref, le pr\u00e9sident ghan\u00e9en a convi\u00e9 toutes les parties prenantes \u00e0 cette rencontre au renforcement de la coop\u00e9ration internationale et \u00e0 plus d\u2019efforts collectifs pour lutter de fa\u00e7on d\u00e9cisive contre le changement climatique. <\/p>\n\n\n\n<p>La suite \u00e0 lire dans le reportage. <\/p>\n\n\n\n<p>Chris.A depuis Accra pour Eco conscience TV <\/p>\n","protected":false},"excerpt":{"rendered":"<p>Seul pr\u00e9sident d\u2019une R\u00e9publique (Ghana) \u00e0 l\u2019ouverture de la session de haut niveau de la semaine africaine du climat le mercredi dernier \u00e0 Accra, Nana AKUFO-ADDO n\u2019a pas pass\u00e9 sous silence les effets du changement climatique sur les populations du continent africain. \u00ab\u00a0Nous devons nous engager \u00e0 faire des d\u00e9marches concr\u00e8tes pour prot\u00e9ger le climat\u2019\u2019 [&hellip;]<\/p>\n","protected":false},"author":2,"featured_media":7408,"comment_status":"open","ping_status":"open","sticky":false,"template":"","format":"video","meta":{"ec_post_video":"https:\/\/www.youtube.com\/watch?v=4vlMV9_IJ9E"},"categories":[372,2],"tags":[1698,1700,1699],"odd":[],"_links":{"self":[{"href":"https:\/\/www.ecoconscience.tv\/api\/wp\/v2\/posts\/7406"}],"collection":[{"href":"https:\/\/www.ecoconscience.tv\/api\/wp\/v2\/posts"}],"about":[{"href":"https:\/\/www.ecoconscience.tv\/api\/wp\/v2\/types\/post"}],"author":[{"embeddable":true,"href":"https:\/\/www.ecoconscience.tv\/api\/wp\/v2\/users\/2"}],"replies":[{"embeddable":true,"href":"https:\/\/www.ecoconscience.tv\/api\/wp\/v2\/comments?post=7406"}],"version-history":[{"count":2,"href":"https:\/\/www.ecoconscience.tv\/api\/wp\/v2\/posts\/7406\/revisions"}],"predecessor-version":[{"id":7410,"href":"https:\/\/www.ecoconscience.tv\/api\/wp\/v2\/posts\/7406\/revisions\/7410"}],"wp:featuredmedia":[{"embeddable":true,"href":"https:\/\/www.ecoconscience.tv\/api\/wp\/v2\/media\/7408"}],"wp:attachment":[{"href":"https:\/\/www.ecoconscience.tv\/api\/wp\/v2\/media?parent=7406"}],"wp:term":[{"taxonomy":"category","embeddable":true,"href":"https:\/\/www.ecoconscience.tv\/api\/wp\/v2\/categories?post=7406"},{"taxonomy":"post_tag","embeddable":true,"href":"https:\/\/www.ecoconscience.tv\/api\/wp\/v2\/tags?post=7406"},{"taxonomy":"odd","embeddable":true,"href":"https:\/\/www.ecoconscience.tv\/api\/wp\/v2\/odd?post=7406"}],"curies":[{"name":"wp","href":"https:\/\/api.w.org\/{rel}","templated":true}]}}