{"id":7370,"date":"2019-03-14T14:26:26","date_gmt":"2019-03-14T14:26:26","guid":{"rendered":"https:\/\/www.ecoconscience.tv\/?p=7370"},"modified":"2019-03-14T19:01:28","modified_gmt":"2019-03-14T19:01:28","slug":"jif-2019-addad-togo-elles-aides-menageres-ont-aussi-des-droits","status":"publish","type":"post","link":"https:\/\/www.ecoconscience.tv\/jif-2019-addad-togo-elles-aides-menageres-ont-aussi-des-droits\/","title":{"rendered":"JIF 2019\/ADDAD-TOGO : elles (aides m\u00e9nag\u00e8res) ont aussi des droits"},"content":{"rendered":"\n<figure class=\"wp-block-video\"><\/figure>\n\n\n\n<p>Les aides m\u00e9nag\u00e8res membres de l\u2019Association de D\u00e9fense des droits des Aides m\u00e9nag\u00e8res et Domestiques du Togo (ADDAD-Togo) ont aussi c\u00e9l\u00e9br\u00e9 la journ\u00e9e Internationale de la Femme, le 08 mars dernier. Pour celles qui sont au four et au moulin dans l\u2019accomplissement des t\u00e2ches m\u00e9nag\u00e8res, il est temps pour le Togo de ratifier la convention 189 de l\u2019OIT ; ce qui leur permettra de pleinement jouir de leurs droits longtemps bafou\u00e9s par leurs employ\u00e9s. A l\u2019endroit des organisations de d\u00e9fense des droits de la femme, elles ont lanc\u00e9 un vibrant appel pour plus d\u2019actions en leur faveur.<\/p>\n\n\n\n<p>Lire le reportage.<\/p>\n\n\n\n<p>Chris. A<\/p>\n","protected":false},"excerpt":{"rendered":"<p>Les aides m\u00e9nag\u00e8res membres de l\u2019Association de D\u00e9fense des droits des Aides m\u00e9nag\u00e8res et Domestiques du Togo (ADDAD-Togo) ont aussi c\u00e9l\u00e9br\u00e9 la journ\u00e9e Internationale de la Femme, le 08 mars dernier. Pour celles qui sont au four et au moulin dans l\u2019accomplissement des t\u00e2ches m\u00e9nag\u00e8res, il est temps pour le Togo de ratifier la convention [&hellip;]<\/p>\n","protected":false},"author":2,"featured_media":7372,"comment_status":"open","ping_status":"open","sticky":false,"template":"","format":"video","meta":{"ec_post_video":"https:\/\/m.youtube.com\/watch?v=32erGtbT8xE"},"categories":[372],"tags":[],"odd":[],"_links":{"self":[{"href":"https:\/\/www.ecoconscience.tv\/api\/wp\/v2\/posts\/7370"}],"collection":[{"href":"https:\/\/www.ecoconscience.tv\/api\/wp\/v2\/posts"}],"about":[{"href":"https:\/\/www.ecoconscience.tv\/api\/wp\/v2\/types\/post"}],"author":[{"embeddable":true,"href":"https:\/\/www.ecoconscience.tv\/api\/wp\/v2\/users\/2"}],"replies":[{"embeddable":true,"href":"https:\/\/www.ecoconscience.tv\/api\/wp\/v2\/comments?post=7370"}],"version-history":[{"count":2,"href":"https:\/\/www.ecoconscience.tv\/api\/wp\/v2\/posts\/7370\/revisions"}],"predecessor-version":[{"id":7374,"href":"https:\/\/www.ecoconscience.tv\/api\/wp\/v2\/posts\/7370\/revisions\/7374"}],"wp:featuredmedia":[{"embeddable":true,"href":"https:\/\/www.ecoconscience.tv\/api\/wp\/v2\/media\/7372"}],"wp:attachment":[{"href":"https:\/\/www.ecoconscience.tv\/api\/wp\/v2\/media?parent=7370"}],"wp:term":[{"taxonomy":"category","embeddable":true,"href":"https:\/\/www.ecoconscience.tv\/api\/wp\/v2\/categories?post=7370"},{"taxonomy":"post_tag","embeddable":true,"href":"https:\/\/www.ecoconscience.tv\/api\/wp\/v2\/tags?post=7370"},{"taxonomy":"odd","embeddable":true,"href":"https:\/\/www.ecoconscience.tv\/api\/wp\/v2\/odd?post=7370"}],"curies":[{"name":"wp","href":"https:\/\/api.w.org\/{rel}","templated":true}]}}