{"id":7355,"date":"2019-03-09T21:12:23","date_gmt":"2019-03-09T21:12:23","guid":{"rendered":"https:\/\/www.ecoconscience.tv\/?p=7355"},"modified":"2019-03-09T21:12:24","modified_gmt":"2019-03-09T21:12:24","slug":"well-wills-met-du-liha-bio-sur-le-marche-togolais","status":"publish","type":"post","link":"https:\/\/www.ecoconscience.tv\/well-wills-met-du-liha-bio-sur-le-marche-togolais\/","title":{"rendered":"Well &#038; Will\u2019s met du \u00ab Liha bio \u00bb sur le march\u00e9 togolais"},"content":{"rendered":"\n<figure class=\"wp-block-video\"><\/figure>\n\n\n\n<p>La soci\u00e9t\u00e9 Well and will\u2019s cr\u00e9e, innove et appelle les togolais \u00e0 d\u00e9sormais consommer \u00ab Liha drink \u00bb. Faite \u00e0 base de c\u00e9r\u00e9ales telles que le mil et le ma\u00efs 100 % naturel et bio selon le Directeur G\u00e9n\u00e9ral de l\u2019entreprise, Willy NUNEKPEKU, c\u2019est une boisson locale de qualit\u00e9 nous dit-on, et qui respecte par ailleurs les r\u00e8gles d\u2019hygi\u00e8ne comparativement \u00e0 ce que proposent les bonnes femmes, fabricatrices de la m\u00eame boisson sur le march\u00e9. Le jeune directeur pense d\u2019ores et d\u00e9j\u00e0 \u00e0 l\u2019internationalisation de son produit.<br>\nLire le reportage pour les d\u00e9tails<br>\nChris A<\/p>\n","protected":false},"excerpt":{"rendered":"<p>La soci\u00e9t\u00e9 Well and will\u2019s cr\u00e9e, innove et appelle les togolais \u00e0 d\u00e9sormais consommer \u00ab Liha drink \u00bb. Faite \u00e0 base de c\u00e9r\u00e9ales telles que le mil et le ma\u00efs 100 % naturel et bio selon le Directeur G\u00e9n\u00e9ral de l\u2019entreprise, Willy NUNEKPEKU, c\u2019est une boisson locale de qualit\u00e9 nous dit-on, et qui respecte par [&hellip;]<\/p>\n","protected":false},"author":2,"featured_media":7357,"comment_status":"open","ping_status":"open","sticky":false,"template":"","format":"video","meta":{"ec_post_video":"https:\/\/www.youtube.com\/watch?v=R3Wr07_0TzY"},"categories":[372],"tags":[],"odd":[],"_links":{"self":[{"href":"https:\/\/www.ecoconscience.tv\/api\/wp\/v2\/posts\/7355"}],"collection":[{"href":"https:\/\/www.ecoconscience.tv\/api\/wp\/v2\/posts"}],"about":[{"href":"https:\/\/www.ecoconscience.tv\/api\/wp\/v2\/types\/post"}],"author":[{"embeddable":true,"href":"https:\/\/www.ecoconscience.tv\/api\/wp\/v2\/users\/2"}],"replies":[{"embeddable":true,"href":"https:\/\/www.ecoconscience.tv\/api\/wp\/v2\/comments?post=7355"}],"version-history":[{"count":2,"href":"https:\/\/www.ecoconscience.tv\/api\/wp\/v2\/posts\/7355\/revisions"}],"predecessor-version":[{"id":7359,"href":"https:\/\/www.ecoconscience.tv\/api\/wp\/v2\/posts\/7355\/revisions\/7359"}],"wp:featuredmedia":[{"embeddable":true,"href":"https:\/\/www.ecoconscience.tv\/api\/wp\/v2\/media\/7357"}],"wp:attachment":[{"href":"https:\/\/www.ecoconscience.tv\/api\/wp\/v2\/media?parent=7355"}],"wp:term":[{"taxonomy":"category","embeddable":true,"href":"https:\/\/www.ecoconscience.tv\/api\/wp\/v2\/categories?post=7355"},{"taxonomy":"post_tag","embeddable":true,"href":"https:\/\/www.ecoconscience.tv\/api\/wp\/v2\/tags?post=7355"},{"taxonomy":"odd","embeddable":true,"href":"https:\/\/www.ecoconscience.tv\/api\/wp\/v2\/odd?post=7355"}],"curies":[{"name":"wp","href":"https:\/\/api.w.org\/{rel}","templated":true}]}}