{"id":7342,"date":"2019-03-08T11:13:22","date_gmt":"2019-03-08T11:13:22","guid":{"rendered":"https:\/\/www.ecoconscience.tv\/?p=7342"},"modified":"2019-05-18T19:13:26","modified_gmt":"2019-05-18T19:13:26","slug":"pnd-ce-plan-doit-transcender-les-clivages-politiques-kokou-e-tengue-dg-maersk-togo","status":"publish","type":"post","link":"https:\/\/www.ecoconscience.tv\/pnd-ce-plan-doit-transcender-les-clivages-politiques-kokou-e-tengue-dg-maersk-togo\/","title":{"rendered":"PND : \u00ab\u00a0ce plan doit transcender les clivages politiques\u00a0\u00bb, Kokou E.TENGUE, DG Maersk Togo"},"content":{"rendered":"\n<figure class=\"wp-block-video\"><\/figure>\n\n\n\n<p>Le Plan National de D\u00e9veloppement (PND) adopt\u00e9 depuis ao\u00fbt 2018 a enfin, \u00e9t\u00e9 officiellement lanc\u00e9 le lundi 4 mars dernier par le Chef de l\u2019Etat Togolais, Faure E. GNASSINGBE. C\u2019est un document majeur duquel nous dit-on, un \u00e9ventail d\u2019actions coordonn\u00e9es conduiront \u00e0 faire du Togo, fort de ses atouts naturels et de la vison du gouvernement, un pays qui se d\u00e9marque encore plus en Afrique et dans le monde. <\/p>\n\n\n\n<p>Le PND peut donc \u00eatre consid\u00e9r\u00e9 comme \u00ab la bible de d\u00e9veloppement \u00bb du Togo pour les quatre prochaines ann\u00e9es surtout qu\u2019il vise \u00e0 terme, \u00e0 faire du Togo, une nation \u00e0 revenu interm\u00e9diaire \u00e9conomiquement, socialement et d\u00e9mocratiquement solide et stable, ouvert sur le monde. L\u2019am\u00e9lioration du bien-\u00eatre social des togolais est par ailleurs l\u2019un de ses objectifs phares.<\/p>\n\n\n\n<p>Les d\u00e9tails sur le PND lanc\u00e9 \u00e0 suivre dans le reportage.<\/p>\n\n\n\n<p>Chris. A<\/p>\n","protected":false},"excerpt":{"rendered":"<p>Le Plan National de D\u00e9veloppement (PND) adopt\u00e9 depuis ao\u00fbt 2018 a enfin, \u00e9t\u00e9 officiellement lanc\u00e9 le lundi 4 mars dernier par le Chef de l\u2019Etat Togolais, Faure E. GNASSINGBE. C\u2019est un document majeur duquel nous dit-on, un \u00e9ventail d\u2019actions coordonn\u00e9es conduiront \u00e0 faire du Togo, fort de ses atouts naturels et de la vison du [&hellip;]<\/p>\n","protected":false},"author":2,"featured_media":7344,"comment_status":"open","ping_status":"open","sticky":false,"template":"","format":"video","meta":{"ec_post_video":"https:\/\/m.youtube.com\/watch?v=B6zRx4Qk4R4"},"categories":[372],"tags":[1691,1690,1689],"odd":[],"_links":{"self":[{"href":"https:\/\/www.ecoconscience.tv\/api\/wp\/v2\/posts\/7342"}],"collection":[{"href":"https:\/\/www.ecoconscience.tv\/api\/wp\/v2\/posts"}],"about":[{"href":"https:\/\/www.ecoconscience.tv\/api\/wp\/v2\/types\/post"}],"author":[{"embeddable":true,"href":"https:\/\/www.ecoconscience.tv\/api\/wp\/v2\/users\/2"}],"replies":[{"embeddable":true,"href":"https:\/\/www.ecoconscience.tv\/api\/wp\/v2\/comments?post=7342"}],"version-history":[{"count":2,"href":"https:\/\/www.ecoconscience.tv\/api\/wp\/v2\/posts\/7342\/revisions"}],"predecessor-version":[{"id":7346,"href":"https:\/\/www.ecoconscience.tv\/api\/wp\/v2\/posts\/7342\/revisions\/7346"}],"wp:featuredmedia":[{"embeddable":true,"href":"https:\/\/www.ecoconscience.tv\/api\/wp\/v2\/media\/7344"}],"wp:attachment":[{"href":"https:\/\/www.ecoconscience.tv\/api\/wp\/v2\/media?parent=7342"}],"wp:term":[{"taxonomy":"category","embeddable":true,"href":"https:\/\/www.ecoconscience.tv\/api\/wp\/v2\/categories?post=7342"},{"taxonomy":"post_tag","embeddable":true,"href":"https:\/\/www.ecoconscience.tv\/api\/wp\/v2\/tags?post=7342"},{"taxonomy":"odd","embeddable":true,"href":"https:\/\/www.ecoconscience.tv\/api\/wp\/v2\/odd?post=7342"}],"curies":[{"name":"wp","href":"https:\/\/api.w.org\/{rel}","templated":true}]}}