{"id":7333,"date":"2019-03-05T19:19:36","date_gmt":"2019-03-05T19:19:36","guid":{"rendered":"https:\/\/www.ecoconscience.tv\/?p=7333"},"modified":"2019-03-05T19:38:37","modified_gmt":"2019-03-05T19:38:37","slug":"le-grand-defi-cest-deviter-que-la-corruption-paul-amegakpo","status":"publish","type":"post","link":"https:\/\/www.ecoconscience.tv\/le-grand-defi-cest-deviter-que-la-corruption-paul-amegakpo\/","title":{"rendered":"\u00ab Le grand d\u00e9fi, c\u2019est d\u2019\u00e9viter que la corruption soit \u00e9galement d\u00e9centralis\u00e9e \u00bb, Paul AMEGAKPO"},"content":{"rendered":"\n<figure class=\"wp-block-video\"><\/figure>\n\n\n\n<p>Les \u00e9lections locales devant conduire \u00e0 la d\u00e9centralisation au Togo sont annonc\u00e9es pour cette ann\u00e9e 2019 ; une bonne chose selon plusieurs acteurs de la vie sociopolitique du pays quand on sait que les derni\u00e8res \u00e9lections du genre remontent \u00e0 plus de 30 ans maintenant. La d\u00e9centralisation tant souhait\u00e9e donc, devrait permettre aux collectivit\u00e9s locales de connaitre un d\u00e9veloppement plus radieux et harmonis\u00e9 en am\u00e9liorant la gouvernance locale, gage de r\u00e9ussite dans \u00ab la d\u00e9mocratie participative \u00bb.<\/p>\n\n\n\n<p> Dans ce processus, la soci\u00e9t\u00e9 civile est appel\u00e9e \u00e0 jouer un r\u00f4le pas des moindres pour \u00e9viter que la mauvaise gouvernance ne se transporte au niveau local, rappelle l\u2019ancien Directeur Ex\u00e9cutif de la Concertation Nationale de la Soci\u00e9t\u00e9 Civile du Togo (CNSC \u2013Togo), Paul AMEGAKPO.<\/p>\n\n\n\n<p> Ce dernier est notre invit\u00e9 dans un entretien exclusif qu\u2019il nous a accord\u00e9. Le profil des candidats aux \u00e9lections locales, la gouvernance participative ou encore, le r\u00f4le de la soci\u00e9t\u00e9 civile dans la d\u00e9centralisation, telles sont les questions abord\u00e9es avec lui.<\/p>\n\n\n\n<p>Lire l\u2019int\u00e9gralit\u00e9 de l\u2019entretien dans la vid\u00e9o.<\/p>\n\n\n\n<p>La r\u00e9daction<\/p>\n","protected":false},"excerpt":{"rendered":"<p>Les \u00e9lections locales devant conduire \u00e0 la d\u00e9centralisation au Togo sont annonc\u00e9es pour cette ann\u00e9e 2019 ; une bonne chose selon plusieurs acteurs de la vie sociopolitique du pays quand on sait que les derni\u00e8res \u00e9lections du genre remontent \u00e0 plus de 30 ans maintenant. La d\u00e9centralisation tant souhait\u00e9e donc, devrait permettre aux collectivit\u00e9s locales [&hellip;]<\/p>\n","protected":false},"author":2,"featured_media":7335,"comment_status":"open","ping_status":"open","sticky":false,"template":"","format":"video","meta":{"ec_post_video":"https:\/\/m.youtube.com\/watch?v=fSMZS2u2Ppw"},"categories":[3],"tags":[],"odd":[],"_links":{"self":[{"href":"https:\/\/www.ecoconscience.tv\/api\/wp\/v2\/posts\/7333"}],"collection":[{"href":"https:\/\/www.ecoconscience.tv\/api\/wp\/v2\/posts"}],"about":[{"href":"https:\/\/www.ecoconscience.tv\/api\/wp\/v2\/types\/post"}],"author":[{"embeddable":true,"href":"https:\/\/www.ecoconscience.tv\/api\/wp\/v2\/users\/2"}],"replies":[{"embeddable":true,"href":"https:\/\/www.ecoconscience.tv\/api\/wp\/v2\/comments?post=7333"}],"version-history":[{"count":4,"href":"https:\/\/www.ecoconscience.tv\/api\/wp\/v2\/posts\/7333\/revisions"}],"predecessor-version":[{"id":7340,"href":"https:\/\/www.ecoconscience.tv\/api\/wp\/v2\/posts\/7333\/revisions\/7340"}],"wp:featuredmedia":[{"embeddable":true,"href":"https:\/\/www.ecoconscience.tv\/api\/wp\/v2\/media\/7335"}],"wp:attachment":[{"href":"https:\/\/www.ecoconscience.tv\/api\/wp\/v2\/media?parent=7333"}],"wp:term":[{"taxonomy":"category","embeddable":true,"href":"https:\/\/www.ecoconscience.tv\/api\/wp\/v2\/categories?post=7333"},{"taxonomy":"post_tag","embeddable":true,"href":"https:\/\/www.ecoconscience.tv\/api\/wp\/v2\/tags?post=7333"},{"taxonomy":"odd","embeddable":true,"href":"https:\/\/www.ecoconscience.tv\/api\/wp\/v2\/odd?post=7333"}],"curies":[{"name":"wp","href":"https:\/\/api.w.org\/{rel}","templated":true}]}}