{"id":7268,"date":"2019-02-17T08:39:29","date_gmt":"2019-02-17T08:39:29","guid":{"rendered":"https:\/\/www.ecoconscience.tv\/?p=7268"},"modified":"2019-02-17T08:57:27","modified_gmt":"2019-02-17T08:57:27","slug":"quest-ce-qui-se-passe-reellement-dans-centres-des-e-dechets-a-lome","status":"publish","type":"post","link":"https:\/\/www.ecoconscience.tv\/quest-ce-qui-se-passe-reellement-dans-centres-des-e-dechets-a-lome\/","title":{"rendered":"Qu&rsquo;est ce qui se passe r\u00e9ellement dans les centres de d\u00e9p\u00f4t et du tri des e-d\u00e9chets \u00e0 Lome ?"},"content":{"rendered":"\n<p><\/p>\n\n\n\n<figure class=\"wp-block-video\"><\/figure>\n\n\n\n<p>Qu&rsquo;est ce qui se passe r\u00e9ellement dans les centres de d\u00e9p\u00f4t et du tri des d\u00e9chets d&rsquo;\u00e9quipements \u00e9lectriques et \u00e9lectroniques (E-wastes) \u00e0 Lom\u00e9 ? <br>Apr\u00e8s le tri, quelle est la destination finale des d\u00e9chets ? Et les jeunes, qui s&rsquo;adonnent \u00e0 la collecte de ces d\u00e9chets, quelle est leur quotidien ?<br>Rolande et Morgane vous am\u00e8nent au c\u0153ur du circuit\u2026<br>Bienvenus : ON A VU????\ufe0f\u200d\u2642\ufe0f<\/p>\n\n\n\n<figure class=\"wp-block-image\"><img loading=\"lazy\" width=\"1916\" height=\"921\" src=\"https:\/\/www.ecoconscience.tv\/wp-content\/uploads\/2019\/02\/20190217_082010-1.jpg\" alt=\"\" class=\"wp-image-7275\"\/><figcaption>Rolande et Morgane <\/figcaption><\/figure>\n\n\n\n<h1>EcoConscienceTV #Ewaste #Detox #d\u00e9chets<\/h1>\n\n\n\n<p><\/p>\n","protected":false},"excerpt":{"rendered":"<p>Qu&rsquo;est ce qui se passe r\u00e9ellement dans les centres de d\u00e9p\u00f4t et du tri des d\u00e9chets d&rsquo;\u00e9quipements \u00e9lectriques et \u00e9lectroniques (E-wastes) \u00e0 Lom\u00e9 ? Apr\u00e8s le tri, quelle est la destination finale des d\u00e9chets ? Et les jeunes, qui s&rsquo;adonnent \u00e0 la collecte de ces d\u00e9chets, quelle est leur quotidien ?Rolande et Morgane vous am\u00e8nent [&hellip;]<\/p>\n","protected":false},"author":2,"featured_media":7270,"comment_status":"open","ping_status":"open","sticky":false,"template":"","format":"video","meta":{"ec_post_video":"https:\/\/m.youtube.com\/watch?v=T48sOx7v8Ns"},"categories":[372],"tags":[1028,1678,1428,1679],"odd":[],"_links":{"self":[{"href":"https:\/\/www.ecoconscience.tv\/api\/wp\/v2\/posts\/7268"}],"collection":[{"href":"https:\/\/www.ecoconscience.tv\/api\/wp\/v2\/posts"}],"about":[{"href":"https:\/\/www.ecoconscience.tv\/api\/wp\/v2\/types\/post"}],"author":[{"embeddable":true,"href":"https:\/\/www.ecoconscience.tv\/api\/wp\/v2\/users\/2"}],"replies":[{"embeddable":true,"href":"https:\/\/www.ecoconscience.tv\/api\/wp\/v2\/comments?post=7268"}],"version-history":[{"count":3,"href":"https:\/\/www.ecoconscience.tv\/api\/wp\/v2\/posts\/7268\/revisions"}],"predecessor-version":[{"id":7276,"href":"https:\/\/www.ecoconscience.tv\/api\/wp\/v2\/posts\/7268\/revisions\/7276"}],"wp:featuredmedia":[{"embeddable":true,"href":"https:\/\/www.ecoconscience.tv\/api\/wp\/v2\/media\/7270"}],"wp:attachment":[{"href":"https:\/\/www.ecoconscience.tv\/api\/wp\/v2\/media?parent=7268"}],"wp:term":[{"taxonomy":"category","embeddable":true,"href":"https:\/\/www.ecoconscience.tv\/api\/wp\/v2\/categories?post=7268"},{"taxonomy":"post_tag","embeddable":true,"href":"https:\/\/www.ecoconscience.tv\/api\/wp\/v2\/tags?post=7268"},{"taxonomy":"odd","embeddable":true,"href":"https:\/\/www.ecoconscience.tv\/api\/wp\/v2\/odd?post=7268"}],"curies":[{"name":"wp","href":"https:\/\/api.w.org\/{rel}","templated":true}]}}