{"id":7096,"date":"2019-01-17T20:21:00","date_gmt":"2019-01-17T20:21:00","guid":{"rendered":"https:\/\/www.ecoconscience.tv\/?p=7096"},"modified":"2019-01-17T22:12:27","modified_gmt":"2019-01-17T22:12:27","slug":"aires-protegees-cest-reguler-la-pluviometrie","status":"publish","type":"post","link":"https:\/\/www.ecoconscience.tv\/aires-protegees-cest-reguler-la-pluviometrie\/","title":{"rendered":"R\u00e9habiliter les aires prot\u00e9g\u00e9es, c&rsquo;est r\u00e9guler entre autres la pluviom\u00e9trie"},"content":{"rendered":"\n<figure class=\"wp-block-video\"><\/figure>\n\n\n\n<p>Le gouvernement togolais a de nouveaux alli\u00e9s pour mener \u00e0 bien son processus de r\u00e9habilitation des aires prot\u00e9g\u00e9es (AP) . R\u00e9unis en effet, du 08 au 11 janvier dernier \u00e0 Sokod\u00e9 par le Minist\u00e8re de l&rsquo;Environnement et des Ressources Foresti\u00e8res (MERF),   les acteurs de la soci\u00e9t\u00e9 civile et les journalistes invit\u00e9s pour \u00eatre outill\u00e9s sur ledit processus, se sont engag\u00e9s \u00e0 accompagner l&rsquo;\u00c9tat togolais par des s\u00e9ances de sensibilisation et des communications sur les m\u00e9dias pour amener toutes les parties prenantes \u00e0 une gestion rationnelle et durable de ces AP,  aux nombreux avantages pour le pays. Les participants \u00e0 l&rsquo;issue des travaux, ont formul\u00e9 un certain nombre de recommandations pour l&rsquo;am\u00e9lioration de la gouvernance autour des AP. <\/p>\n\n\n\n<p>Les d\u00e9tails \u00e0 suivre dans le reportage. <\/p>\n\n\n\n<p>Chris AGBEDINOU <\/p>\n\n\n\n<p><\/p>\n","protected":false},"excerpt":{"rendered":"<p>Le gouvernement togolais a de nouveaux alli\u00e9s pour mener \u00e0 bien son processus de r\u00e9habilitation des aires prot\u00e9g\u00e9es (AP) . R\u00e9unis en effet, du 08 au 11 janvier dernier \u00e0 Sokod\u00e9 par le Minist\u00e8re de l&rsquo;Environnement et des Ressources Foresti\u00e8res (MERF), les acteurs de la soci\u00e9t\u00e9 civile et les journalistes invit\u00e9s pour \u00eatre outill\u00e9s sur [&hellip;]<\/p>\n","protected":false},"author":2,"featured_media":7099,"comment_status":"open","ping_status":"open","sticky":false,"template":"","format":"video","meta":{"ec_post_video":"https:\/\/m.youtube.com\/watch?v=Ck9rPI7UxXI"},"categories":[372],"tags":[],"odd":[],"_links":{"self":[{"href":"https:\/\/www.ecoconscience.tv\/api\/wp\/v2\/posts\/7096"}],"collection":[{"href":"https:\/\/www.ecoconscience.tv\/api\/wp\/v2\/posts"}],"about":[{"href":"https:\/\/www.ecoconscience.tv\/api\/wp\/v2\/types\/post"}],"author":[{"embeddable":true,"href":"https:\/\/www.ecoconscience.tv\/api\/wp\/v2\/users\/2"}],"replies":[{"embeddable":true,"href":"https:\/\/www.ecoconscience.tv\/api\/wp\/v2\/comments?post=7096"}],"version-history":[{"count":3,"href":"https:\/\/www.ecoconscience.tv\/api\/wp\/v2\/posts\/7096\/revisions"}],"predecessor-version":[{"id":7104,"href":"https:\/\/www.ecoconscience.tv\/api\/wp\/v2\/posts\/7096\/revisions\/7104"}],"wp:featuredmedia":[{"embeddable":true,"href":"https:\/\/www.ecoconscience.tv\/api\/wp\/v2\/media\/7099"}],"wp:attachment":[{"href":"https:\/\/www.ecoconscience.tv\/api\/wp\/v2\/media?parent=7096"}],"wp:term":[{"taxonomy":"category","embeddable":true,"href":"https:\/\/www.ecoconscience.tv\/api\/wp\/v2\/categories?post=7096"},{"taxonomy":"post_tag","embeddable":true,"href":"https:\/\/www.ecoconscience.tv\/api\/wp\/v2\/tags?post=7096"},{"taxonomy":"odd","embeddable":true,"href":"https:\/\/www.ecoconscience.tv\/api\/wp\/v2\/odd?post=7096"}],"curies":[{"name":"wp","href":"https:\/\/api.w.org\/{rel}","templated":true}]}}