{"id":7063,"date":"2018-12-29T10:08:14","date_gmt":"2018-12-29T10:08:14","guid":{"rendered":"https:\/\/www.ecoconscience.tv\/?p=7063"},"modified":"2019-01-05T11:48:01","modified_gmt":"2019-01-05T11:48:01","slug":"preparation-a-la-redd-togo-mention-bien-a-9-mois","status":"publish","type":"post","link":"https:\/\/www.ecoconscience.tv\/preparation-a-la-redd-togo-mention-bien-a-9-mois\/","title":{"rendered":"Pr\u00e9paration \u00e0 la REDD+ Togo : mention bien \u00e0 9 mois de la fin du projet"},"content":{"rendered":"\n<figure class=\"wp-block-video\"><\/figure>\n\n\n\n<p> La troisi\u00e8me r\u00e9union du Comit\u00e9 National REDD+ (CN-REDD+) s&rsquo;est tenue le jeudi 27 d\u00e9cembre dernier \u00e0 Lom\u00e9. En toile de fond, le point sur la mise en oeuvre des recommandations de la r\u00e9union de juillet 2017, des \u00e9changes sur l&rsquo;\u00e9tat d&rsquo;avancecement global du processus<strong> REDD+ au Togo <\/strong>et particuli\u00e8rement, sur la premi\u00e8re version de la strat\u00e9gie Nationale REDD+ afin de donner  des orientations pour sa mise en oeuvre. <\/p>\n\n\n\n<p><strong>D&rsquo;une fa\u00e7on g\u00e9n\u00e9rale, il est not\u00e9 une bonne avanc\u00e9e et progression des activit\u00e9s men\u00e9es dans le cadre du projet.<\/strong> <\/p>\n\n\n\n<p>Les d\u00e9tails \u00e0 suivre dans le reportage.<\/p>\n\n\n\n<p>Chris AGBEDINOU <\/p>\n","protected":false},"excerpt":{"rendered":"<p>D&rsquo;une fa\u00e7on g\u00e9n\u00e9rale, il est not\u00e9 une bonne avanc\u00e9e et progression des activit\u00e9s men\u00e9es dans le cadre du projet. <\/p>\n<p>Les d\u00e9tails \u00e0 suivre dans le reportage.<\/p>\n","protected":false},"author":2,"featured_media":7065,"comment_status":"open","ping_status":"open","sticky":false,"template":"","format":"video","meta":{"ec_post_video":"https:\/\/www.youtube.com\/watch?v=OyhtCwMKOTw"},"categories":[2],"tags":[936,1661],"odd":[],"_links":{"self":[{"href":"https:\/\/www.ecoconscience.tv\/api\/wp\/v2\/posts\/7063"}],"collection":[{"href":"https:\/\/www.ecoconscience.tv\/api\/wp\/v2\/posts"}],"about":[{"href":"https:\/\/www.ecoconscience.tv\/api\/wp\/v2\/types\/post"}],"author":[{"embeddable":true,"href":"https:\/\/www.ecoconscience.tv\/api\/wp\/v2\/users\/2"}],"replies":[{"embeddable":true,"href":"https:\/\/www.ecoconscience.tv\/api\/wp\/v2\/comments?post=7063"}],"version-history":[{"count":3,"href":"https:\/\/www.ecoconscience.tv\/api\/wp\/v2\/posts\/7063\/revisions"}],"predecessor-version":[{"id":7070,"href":"https:\/\/www.ecoconscience.tv\/api\/wp\/v2\/posts\/7063\/revisions\/7070"}],"wp:featuredmedia":[{"embeddable":true,"href":"https:\/\/www.ecoconscience.tv\/api\/wp\/v2\/media\/7065"}],"wp:attachment":[{"href":"https:\/\/www.ecoconscience.tv\/api\/wp\/v2\/media?parent=7063"}],"wp:term":[{"taxonomy":"category","embeddable":true,"href":"https:\/\/www.ecoconscience.tv\/api\/wp\/v2\/categories?post=7063"},{"taxonomy":"post_tag","embeddable":true,"href":"https:\/\/www.ecoconscience.tv\/api\/wp\/v2\/tags?post=7063"},{"taxonomy":"odd","embeddable":true,"href":"https:\/\/www.ecoconscience.tv\/api\/wp\/v2\/odd?post=7063"}],"curies":[{"name":"wp","href":"https:\/\/api.w.org\/{rel}","templated":true}]}}