{"id":7034,"date":"2018-12-29T12:45:37","date_gmt":"2018-12-29T12:45:37","guid":{"rendered":"https:\/\/www.ecoconscience.tv\/?p=7034"},"modified":"2019-01-05T08:52:48","modified_gmt":"2019-01-05T08:52:48","slug":"30-ans-dexistence-de-lifdd-porte-flambeaux-de-loif-sur-le-climat-depuis-3-ans-quel-impact","status":"publish","type":"post","link":"https:\/\/www.ecoconscience.tv\/30-ans-dexistence-de-lifdd-porte-flambeaux-de-loif-sur-le-climat-depuis-3-ans-quel-impact\/","title":{"rendered":"30 ans d&rsquo;existence de l&rsquo;IFDD, porte-flambeau de l&rsquo;OIF sur le climat depuis 3 ans : Quel impact?"},"content":{"rendered":"\n<figure class=\"wp-block-video\"><\/figure>\n\n\n\n<h2><\/h2>\n\n\n\n<p>C&rsquo;est \u00e0 travers l&rsquo;<a rel=\"noreferrer noopener\" href=\"https:\/\/www.ifdd.francophonie.org\/\" target=\"_blank\">Institut de la Francophonie pour le D\u00e9veloppement Durable (IFDD)<\/a> que l&rsquo;<a rel=\"noreferrer noopener\" href=\"https:\/\/www.francophonie.org\/\" target=\"_blank\">Organisation Internationale de la Francophonie<\/a> d\u00e9roule ses programmes et projets de d\u00e9veloppement, notamment l&rsquo;accompagnement des pays membres dans le secteur de l&rsquo;\u00e9nergie.<\/p>\n\n\n\n<div class=\"wp-block-image\"><figure class=\"alignleft\"><a href=\"https:\/\/www.ecoconscience.tv\/wp-content\/uploads\/2018\/12\/ifdd.png\"><img loading=\"lazy\" width=\"297\" height=\"66\" src=\"https:\/\/www.ecoconscience.tv\/wp-content\/uploads\/2018\/12\/ifdd.png\" alt=\"\" class=\"wp-image-7038\"\/><\/a><\/figure><\/div>\n\n\n\n<p><em><strong>En 30 ans d&rsquo;existence, l&rsquo;IFDD est aussi d\u00e9sormais le porte-flambeau de l&rsquo;OIF sur les changements climatiques depuis 3 ans.<\/strong><\/em><\/p>\n\n\n\n<p><em> <strong>De Paris \u00e0 Katowice, quelle action climatique donc de cet institut sous la tutelle de l&rsquo;OIF ? C&rsquo;est la question principale qui nous a amen\u00e9e vers <\/strong><a rel=\"noreferrer noopener\" href=\"http:\/\/www.ifdd.francophonie.org\/ifdd\/nouvelle.php?id=345\" target=\"_blank\"><strong>Jean-Pierre NDOUTOUM, le Directeur de l&rsquo;IFDD<\/strong><\/a><strong> rencontr\u00e9 \u00e0 la COP 24 en Pologne, et qui a bien voulu nous en parler.<\/strong><\/em><\/p>\n\n\n\n<p><strong>C.A&nbsp;<\/strong><\/p>\n\n\n\n<p><strong>#ECTV<\/strong><\/p>\n\n\n\n<p><\/p>\n","protected":false},"excerpt":{"rendered":"<p> En 30 ans d&rsquo;existence, l&rsquo;IFDD est aussi d\u00e9sormais le porte-flambeau de l&rsquo;OIF sur les changements climatiques depuis 3 ans. De Paris \u00e0 Katowice, quelle action climatique donc de cet institut sous la tutelle de l&rsquo;OIF ? C&rsquo;est la question principale qui nous a amen\u00e9e vers Jean-Pierre NDOUTOUM, le Directeur de l&rsquo;IFDD rencontr\u00e9 \u00e0 la COP 24 en Pologne, et qui a bien voulu nous en parler. <\/p>\n","protected":false},"author":2,"featured_media":7037,"comment_status":"open","ping_status":"open","sticky":false,"template":"","format":"video","meta":{"ec_post_video":"https:\/\/www.youtube.com\/watch?v=F-HbeOoyvI0"},"categories":[3],"tags":[1659,1624,1640,351,1660,1657,1658],"odd":[],"_links":{"self":[{"href":"https:\/\/www.ecoconscience.tv\/api\/wp\/v2\/posts\/7034"}],"collection":[{"href":"https:\/\/www.ecoconscience.tv\/api\/wp\/v2\/posts"}],"about":[{"href":"https:\/\/www.ecoconscience.tv\/api\/wp\/v2\/types\/post"}],"author":[{"embeddable":true,"href":"https:\/\/www.ecoconscience.tv\/api\/wp\/v2\/users\/2"}],"replies":[{"embeddable":true,"href":"https:\/\/www.ecoconscience.tv\/api\/wp\/v2\/comments?post=7034"}],"version-history":[{"count":5,"href":"https:\/\/www.ecoconscience.tv\/api\/wp\/v2\/posts\/7034\/revisions"}],"predecessor-version":[{"id":7062,"href":"https:\/\/www.ecoconscience.tv\/api\/wp\/v2\/posts\/7034\/revisions\/7062"}],"wp:featuredmedia":[{"embeddable":true,"href":"https:\/\/www.ecoconscience.tv\/api\/wp\/v2\/media\/7037"}],"wp:attachment":[{"href":"https:\/\/www.ecoconscience.tv\/api\/wp\/v2\/media?parent=7034"}],"wp:term":[{"taxonomy":"category","embeddable":true,"href":"https:\/\/www.ecoconscience.tv\/api\/wp\/v2\/categories?post=7034"},{"taxonomy":"post_tag","embeddable":true,"href":"https:\/\/www.ecoconscience.tv\/api\/wp\/v2\/tags?post=7034"},{"taxonomy":"odd","embeddable":true,"href":"https:\/\/www.ecoconscience.tv\/api\/wp\/v2\/odd?post=7034"}],"curies":[{"name":"wp","href":"https:\/\/api.w.org\/{rel}","templated":true}]}}