{"id":6999,"date":"2018-12-13T07:56:25","date_gmt":"2018-12-13T07:56:25","guid":{"rendered":"https:\/\/www.ecoconscience.tv\/?p=6999"},"modified":"2018-12-16T08:11:59","modified_gmt":"2018-12-16T08:11:59","slug":"cop24-les-systemes-alimentaires-mondiaux-face-changement-climatique","status":"publish","type":"post","link":"https:\/\/www.ecoconscience.tv\/cop24-les-systemes-alimentaires-mondiaux-face-changement-climatique\/","title":{"rendered":"Les syst\u00e8mes alimentaires mondiaux face aux d\u00e9fis du changement climatique"},"content":{"rendered":"<p>Les syst\u00e8mes alimentaires mondiaux face aux defis majeurs du changement climatique. Le sujet \u00e9tait au coeur d&rsquo;une pl\u00e9ni\u00e8re ce mercredi 12 d\u00e9cembre \u00e0 la COP 24. En consid\u00e9rant les impacts du r\u00e9chauffement climatique sur les sols, Les inondations ici et l\u00e0, le danger d&rsquo;une malnutrition permanente menace certaines parties de la terre, les pays pauvres en particulier.<\/p>\n<p>Les parties prenantes attirent aussi l&rsquo;attention, sur l&rsquo;adaptation \u00e0 op\u00e9rer dans le domaine pour assurer une alimentation saine et durable aux populations. En outre, un accent particulier a \u00e9t\u00e9 mis sur la consommation de la viande rouge qui devrait \u00eatre ralentie au profit de (&#8230;)<\/p>\n<p>La suite \u00e0 lire dans le reportage.<\/p>\n<p>Chris AGBEDINOU, Katowice pour Eco Conscience TV<\/p>\n","protected":false},"excerpt":{"rendered":"<p>Les syst\u00e8mes alimentaires mondiaux face aux defis majeurs du changement climatique. Le sujet \u00e9tait au coeur d&rsquo;une pl\u00e9ni\u00e8re ce mercredi 12 d\u00e9cembre \u00e0 la COP 24. En consid\u00e9rant les impacts du r\u00e9chauffement climatique sur les sols, Les inondations ici et l\u00e0, le danger d&rsquo;une malnutrition permanente menace certaines parties de la terre, les pays pauvres [&hellip;]<\/p>\n","protected":false},"author":2,"featured_media":7001,"comment_status":"open","ping_status":"open","sticky":false,"template":"","format":"video","meta":{"ec_post_video":"https:\/\/m.youtube.com\/watch?v=PGPOGtfNc2M"},"categories":[372],"tags":[],"odd":[607,408],"_links":{"self":[{"href":"https:\/\/www.ecoconscience.tv\/api\/wp\/v2\/posts\/6999"}],"collection":[{"href":"https:\/\/www.ecoconscience.tv\/api\/wp\/v2\/posts"}],"about":[{"href":"https:\/\/www.ecoconscience.tv\/api\/wp\/v2\/types\/post"}],"author":[{"embeddable":true,"href":"https:\/\/www.ecoconscience.tv\/api\/wp\/v2\/users\/2"}],"replies":[{"embeddable":true,"href":"https:\/\/www.ecoconscience.tv\/api\/wp\/v2\/comments?post=6999"}],"version-history":[{"count":1,"href":"https:\/\/www.ecoconscience.tv\/api\/wp\/v2\/posts\/6999\/revisions"}],"predecessor-version":[{"id":7002,"href":"https:\/\/www.ecoconscience.tv\/api\/wp\/v2\/posts\/6999\/revisions\/7002"}],"wp:featuredmedia":[{"embeddable":true,"href":"https:\/\/www.ecoconscience.tv\/api\/wp\/v2\/media\/7001"}],"wp:attachment":[{"href":"https:\/\/www.ecoconscience.tv\/api\/wp\/v2\/media?parent=6999"}],"wp:term":[{"taxonomy":"category","embeddable":true,"href":"https:\/\/www.ecoconscience.tv\/api\/wp\/v2\/categories?post=6999"},{"taxonomy":"post_tag","embeddable":true,"href":"https:\/\/www.ecoconscience.tv\/api\/wp\/v2\/tags?post=6999"},{"taxonomy":"odd","embeddable":true,"href":"https:\/\/www.ecoconscience.tv\/api\/wp\/v2\/odd?post=6999"}],"curies":[{"name":"wp","href":"https:\/\/api.w.org\/{rel}","templated":true}]}}