{"id":6994,"date":"2018-12-15T07:40:58","date_gmt":"2018-12-15T07:40:58","guid":{"rendered":"https:\/\/www.ecoconscience.tv\/?p=6994"},"modified":"2018-12-21T21:46:42","modified_gmt":"2018-12-21T21:46:42","slug":"pas-pna-un-programme-dappui-a-ladaptation-au-climat-de-la-giz-en-afrique","status":"publish","type":"post","link":"https:\/\/www.ecoconscience.tv\/pas-pna-un-programme-dappui-a-ladaptation-au-climat-de-la-giz-en-afrique\/","title":{"rendered":"PAS-PNA, un programme d&rsquo;appui \u00e0 l&rsquo;adaptation au climat de la GIZ en Afrique"},"content":{"rendered":"<p>En mati\u00e8re d&rsquo;initiatives louables \u00e0 citer dans les efforts d&rsquo;adaptation climat, le Projet d&rsquo;Appui Scientifique aux Processus de Plans Nationaux d&rsquo;Adaptation (PAS-PNA) de la GIZ est en p\u00f4le position. Mis en \u0153uvre au B\u00e9nin, au Burkina Faso et au S\u00e9n\u00e9gal qui sont les pays cibles, il permet entre autres, le renforcement du cadre de gouvernance du processus PNA et la facilitation pour l&rsquo;acc\u00e8s au financement des mesures prioritaires.<\/p>\n<p>Un side-event ce jeudi 13 d\u00e9cembre \u00e0 la COP 24, a permis aux diff\u00e9rents points focaux d&rsquo;informer sur le niveau de mis en oeuvre du projet dans leur pays respectif.<\/p>\n<p>La suite \u00e0 lire dans le reportage.<\/p>\n<p>Chris AGBEDINOU, Katowice pour EcoConscience TV.<\/p>\n","protected":false},"excerpt":{"rendered":"<p>En mati\u00e8re d&rsquo;initiatives louables \u00e0 citer dans les efforts d&rsquo;adaptation climat, le Projet d&rsquo;Appui Scientifique aux Processus de Plans Nationaux d&rsquo;Adaptation (PAS-PNA) de la GIZ est en p\u00f4le position. Mis en \u0153uvre au B\u00e9nin, au Burkina Faso et au S\u00e9n\u00e9gal qui sont les pays cibles, il permet entre autres, le renforcement du cadre de gouvernance [&hellip;]<\/p>\n","protected":false},"author":2,"featured_media":6996,"comment_status":"open","ping_status":"open","sticky":false,"template":"","format":"video","meta":{"ec_post_video":"https:\/\/m.youtube.com\/watch?v=kIjI60Ge42s"},"categories":[372],"tags":[1624,1655,1653,1654],"odd":[607],"_links":{"self":[{"href":"https:\/\/www.ecoconscience.tv\/api\/wp\/v2\/posts\/6994"}],"collection":[{"href":"https:\/\/www.ecoconscience.tv\/api\/wp\/v2\/posts"}],"about":[{"href":"https:\/\/www.ecoconscience.tv\/api\/wp\/v2\/types\/post"}],"author":[{"embeddable":true,"href":"https:\/\/www.ecoconscience.tv\/api\/wp\/v2\/users\/2"}],"replies":[{"embeddable":true,"href":"https:\/\/www.ecoconscience.tv\/api\/wp\/v2\/comments?post=6994"}],"version-history":[{"count":2,"href":"https:\/\/www.ecoconscience.tv\/api\/wp\/v2\/posts\/6994\/revisions"}],"predecessor-version":[{"id":7016,"href":"https:\/\/www.ecoconscience.tv\/api\/wp\/v2\/posts\/6994\/revisions\/7016"}],"wp:featuredmedia":[{"embeddable":true,"href":"https:\/\/www.ecoconscience.tv\/api\/wp\/v2\/media\/6996"}],"wp:attachment":[{"href":"https:\/\/www.ecoconscience.tv\/api\/wp\/v2\/media?parent=6994"}],"wp:term":[{"taxonomy":"category","embeddable":true,"href":"https:\/\/www.ecoconscience.tv\/api\/wp\/v2\/categories?post=6994"},{"taxonomy":"post_tag","embeddable":true,"href":"https:\/\/www.ecoconscience.tv\/api\/wp\/v2\/tags?post=6994"},{"taxonomy":"odd","embeddable":true,"href":"https:\/\/www.ecoconscience.tv\/api\/wp\/v2\/odd?post=6994"}],"curies":[{"name":"wp","href":"https:\/\/api.w.org\/{rel}","templated":true}]}}