{"id":6956,"date":"2018-12-11T15:13:45","date_gmt":"2018-12-11T15:13:45","guid":{"rendered":"https:\/\/www.ecoconscience.tv\/?p=6956"},"modified":"2018-12-11T15:50:42","modified_gmt":"2018-12-11T15:50:42","slug":"une-semaine-apres-ouverture-cop24-acquis-et-attentes","status":"publish","type":"post","link":"https:\/\/www.ecoconscience.tv\/une-semaine-apres-ouverture-cop24-acquis-et-attentes\/","title":{"rendered":"Une semaine apr\u00e8s l&rsquo;ouverture de la COP24 : acquis et attentes"},"content":{"rendered":"<p>Quelles avanc\u00e9es \u00e0 noter apr\u00e8s une semaine d\u2019intenses discussions \u00e0 la 24\u00e8me conf\u00e9rence des parties \u00e0 la Convention-Cadre des Nations Unies sur les changements climatiques \u00e0 Katowice en Pologne ? Les questions essentielles, telles que le financement de l\u2019adaptation, les questions li\u00e9es \u00e0 l\u2019agriculture, au genre, aux peuples indig\u00e8nes ont- elles un d\u00e9but d\u2019accord ? Quelles sont ensuite, les attentes \u00e0 quelques jours de la cl\u00f4ture de la COP 24 ?<\/p>\n<p>C\u2019est \u00e0 ces questions qu\u2019\u00e0 r\u00e9pondu un des chevronn\u00e9s n\u00e9gociateurs togolais, Jos\u00e8phe Kogbe, Directeur Ex\u00e9cutif de l\u2019ONG Organisation pour l\u2019Environnement et le D\u00e9veloppement Durable (OPED), \u00e9galement Coordonnateur du R\u00e9seau Climat et D\u00e9veloppement.<\/p>\n<p>Suivre le reportage.<\/p>\n<p>Chris AGBEDINOU, Katowice pour Eco Conscience Tv.<\/p>\n","protected":false},"excerpt":{"rendered":"<p>Quelles avanc\u00e9es \u00e0 noter apr\u00e8s une semaine d\u2019intenses discussions \u00e0 la 24\u00e8me conf\u00e9rence des parties \u00e0 la Convention-Cadre des Nations Unies sur les changements climatiques \u00e0 Katowice en Pologne ? Les questions essentielles, telles que le financement de l\u2019adaptation, les questions li\u00e9es \u00e0 l\u2019agriculture, au genre, aux peuples indig\u00e8nes ont- elles un d\u00e9but d\u2019accord ? [&hellip;]<\/p>\n","protected":false},"author":2,"featured_media":6958,"comment_status":"open","ping_status":"open","sticky":false,"template":"","format":"video","meta":{"ec_post_video":"https:\/\/m.youtube.com\/watch?v=R5pGH5xr-T4"},"categories":[372],"tags":[],"odd":[607],"_links":{"self":[{"href":"https:\/\/www.ecoconscience.tv\/api\/wp\/v2\/posts\/6956"}],"collection":[{"href":"https:\/\/www.ecoconscience.tv\/api\/wp\/v2\/posts"}],"about":[{"href":"https:\/\/www.ecoconscience.tv\/api\/wp\/v2\/types\/post"}],"author":[{"embeddable":true,"href":"https:\/\/www.ecoconscience.tv\/api\/wp\/v2\/users\/2"}],"replies":[{"embeddable":true,"href":"https:\/\/www.ecoconscience.tv\/api\/wp\/v2\/comments?post=6956"}],"version-history":[{"count":5,"href":"https:\/\/www.ecoconscience.tv\/api\/wp\/v2\/posts\/6956\/revisions"}],"predecessor-version":[{"id":6963,"href":"https:\/\/www.ecoconscience.tv\/api\/wp\/v2\/posts\/6956\/revisions\/6963"}],"wp:featuredmedia":[{"embeddable":true,"href":"https:\/\/www.ecoconscience.tv\/api\/wp\/v2\/media\/6958"}],"wp:attachment":[{"href":"https:\/\/www.ecoconscience.tv\/api\/wp\/v2\/media?parent=6956"}],"wp:term":[{"taxonomy":"category","embeddable":true,"href":"https:\/\/www.ecoconscience.tv\/api\/wp\/v2\/categories?post=6956"},{"taxonomy":"post_tag","embeddable":true,"href":"https:\/\/www.ecoconscience.tv\/api\/wp\/v2\/tags?post=6956"},{"taxonomy":"odd","embeddable":true,"href":"https:\/\/www.ecoconscience.tv\/api\/wp\/v2\/odd?post=6956"}],"curies":[{"name":"wp","href":"https:\/\/api.w.org\/{rel}","templated":true}]}}