{"id":6905,"date":"2018-12-08T10:39:15","date_gmt":"2018-12-08T10:39:15","guid":{"rendered":"https:\/\/www.ecoconscience.tv\/?p=6905"},"modified":"2018-12-08T11:30:06","modified_gmt":"2018-12-08T11:30:06","slug":"cop24-mvt-climates-appel-au-respect-des-droits-de-lhomme","status":"publish","type":"post","link":"https:\/\/www.ecoconscience.tv\/cop24-mvt-climates-appel-au-respect-des-droits-de-lhomme\/","title":{"rendered":"COP24\/Mvt Climates: appel au respect des droits de l&rsquo;homme selon l&rsquo;accord de Paris"},"content":{"rendered":"<p style=\"text-align: justify;\"><strong>\u00c0 l&rsquo;approche du 10 d\u00e9cembre, date \u00e0 laquelle sera c\u00e9l\u00e9br\u00e9 le 70\u00e8me anniversaire de l&rsquo;adoption de la <a href=\"http:\/\/www.un.org\/fr\/universal-declaration-human-rights\/index.html\" target=\"_blank\" rel=\"noopener\">D\u00e9claration Universelles des Droits de L&rsquo;homme<\/a>, plusieurs activistes d&rsquo;ONGs et associations pour la justice climatique se sont faits entendre ce vendredi 7 d\u00e9cembre \u00e0 la COP 24, pour exiger le respect des engagements pris \u00e0 la COP21 quant aux droits de l&rsquo;homme inscrits dans le pr\u00e9ambule de l&rsquo;<a href=\"https:\/\/unfccc.int\/sites\/default\/files\/french_paris_agreement.pdf\" target=\"_blank\" rel=\"noopener\">Accord de Paris<\/a>.<\/strong><\/p>\n<p style=\"text-align: justify;\">Compte tenu de la tournure actuelle des discussions \u00e0 Katowice (Pologne), ces manifestants craignent en r\u00e9alit\u00e9 que (&#8230;)<\/p>\n<p style=\"text-align: justify;\">Lire le reportage.<\/p>\n<p style=\"text-align: justify;\"><em><strong>Chris AGBEDINOU, Katowice pour <a href=\"https:\/\/www.facebook.com\/EcoConscienceTV\/?__tn__=kCH-R&amp;eid=ARAfZweAzNaYpaKiIzSnfsaTNUhorOgzNO89JdRhLsHxSvBPFm9YDdht0UcpDr0uVYDw-h_bsbWox4-i&amp;hc_ref=ARR8LO33BX_U_C7za9mbrBmf7Ddx8aMAznZcc563sxKwHNe2HbqujLxOrDq9L58wD3A&amp;__xts__[0]=68.ARAxbEiJWG4gvawILkpMILJ7wdvW5pf2HfEMdYQqKwAZy4ThuWSGGl7-HIBjIaZZM359x5Nd2cmTHW2ppsm4CjeeO6WlOAygQ43tYFeWkh30fvYSiEG1tEqfPGnTBw3kxjsvYrhD6_QcloJtdbQGZ1ofJIHRIs7WMCvUf04xH2xppjrfZcVZmDhpn_WPwKbkD39UrS10072YzLTnwP-yWLmuSNTS0iS46PrHlSMj2KzJhUlZ2cRaXytJ2Hbo-zM03k9BQ08EZchazoeL_S-hq67_3F-n_yIf7z9NZoDY6N0wiZEE3b1Rbe2BJ9y5N4T84Ewam2iNNqfpc7RrUep9ZHIPCyT6hLoolXvd1WnIt3AMHPZVXX8Y2R4c7JQ2QqihptxyELtpXKhGleOQkTVdYbD5wL5o4B5Q-QTigaXUfnas7FX1dirFETBK6ywgsg7_GjnFUaEX-HF8GcPQddg4VnSuozzgdJswQxqGfBRWDAxnj8RGvEhea-jn\" target=\"_blank\" rel=\"noopener\">Eco Conscience TV<\/a>.<\/strong><\/em><\/p>\n","protected":false},"excerpt":{"rendered":"<p>\u00c0 l&rsquo;approche du 10 d\u00e9cembre, date \u00e0 laquelle sera c\u00e9l\u00e9br\u00e9 le 70\u00e8me anniversaire de l&rsquo;adoption de la D\u00e9claration Universelles des Droits de L&rsquo;homme, plusieurs activistes d&rsquo;ONGs et associations pour la justice climatique se sont faits entendre ce vendredi 7 d\u00e9cembre \u00e0 la COP 24, pour exiger le respect des engagements pris \u00e0 la COP21 quant [&hellip;]<\/p>\n","protected":false},"author":2,"featured_media":6907,"comment_status":"open","ping_status":"open","sticky":false,"template":"","format":"video","meta":{"ec_post_video":"https:\/\/m.youtube.com\/watch?v=s5Cx71WjsIg"},"categories":[372],"tags":[1632,1633],"odd":[607],"_links":{"self":[{"href":"https:\/\/www.ecoconscience.tv\/api\/wp\/v2\/posts\/6905"}],"collection":[{"href":"https:\/\/www.ecoconscience.tv\/api\/wp\/v2\/posts"}],"about":[{"href":"https:\/\/www.ecoconscience.tv\/api\/wp\/v2\/types\/post"}],"author":[{"embeddable":true,"href":"https:\/\/www.ecoconscience.tv\/api\/wp\/v2\/users\/2"}],"replies":[{"embeddable":true,"href":"https:\/\/www.ecoconscience.tv\/api\/wp\/v2\/comments?post=6905"}],"version-history":[{"count":4,"href":"https:\/\/www.ecoconscience.tv\/api\/wp\/v2\/posts\/6905\/revisions"}],"predecessor-version":[{"id":6914,"href":"https:\/\/www.ecoconscience.tv\/api\/wp\/v2\/posts\/6905\/revisions\/6914"}],"wp:featuredmedia":[{"embeddable":true,"href":"https:\/\/www.ecoconscience.tv\/api\/wp\/v2\/media\/6907"}],"wp:attachment":[{"href":"https:\/\/www.ecoconscience.tv\/api\/wp\/v2\/media?parent=6905"}],"wp:term":[{"taxonomy":"category","embeddable":true,"href":"https:\/\/www.ecoconscience.tv\/api\/wp\/v2\/categories?post=6905"},{"taxonomy":"post_tag","embeddable":true,"href":"https:\/\/www.ecoconscience.tv\/api\/wp\/v2\/tags?post=6905"},{"taxonomy":"odd","embeddable":true,"href":"https:\/\/www.ecoconscience.tv\/api\/wp\/v2\/odd?post=6905"}],"curies":[{"name":"wp","href":"https:\/\/api.w.org\/{rel}","templated":true}]}}