{"id":6884,"date":"2018-12-06T14:09:03","date_gmt":"2018-12-06T14:09:03","guid":{"rendered":"https:\/\/www.ecoconscience.tv\/?p=6884"},"modified":"2018-12-06T14:11:17","modified_gmt":"2018-12-06T14:11:17","slug":"halte-aux-violences-faites-aux-femmes-et-aux-filles-dans-les-savanes","status":"publish","type":"post","link":"https:\/\/www.ecoconscience.tv\/halte-aux-violences-faites-aux-femmes-et-aux-filles-dans-les-savanes\/","title":{"rendered":"Halte aux violences faites aux femmes et aux filles dans les Savanes"},"content":{"rendered":"<p><strong>\u00c0 l&rsquo;instar de Lom\u00e9, la capitale togolaise, la ville de Dapaong \u00e0 l&rsquo;extr\u00eame nord du Togo a aussi connu la c\u00e9l\u00e9bration des 16 jours d&rsquo;activisme contre les violences faites aux femmes et aux filles le vendredi 30 novembre dernier. <\/strong><\/p>\n<p>Par une caravane et ensuite une manifestation \u00e0 la hauteur de l&rsquo;\u00e9v\u00e9nement, les femmes de plusieurs organisations ont v\u00e9hicul\u00e9 des messages portant sur le respect du genre, l&rsquo;arr\u00eat de toutes sortes de violences \u00e0 leurs \u00e9gards en appelant les autorit\u00e9s \u00e0 plus d&rsquo;actions pour efficacement lutter contre le ph\u00e9nom\u00e8ne . Un m\u00e9morandum portant les recommandations de ces vaillantes femmes a d&rsquo;ailleurs \u00e9t\u00e9 remis au pr\u00e9fet de T\u00f4ne.<br \/>\nL&rsquo;\u00e9v\u00e9nement a \u00e9t\u00e9 organis\u00e9 sous la coordination du R\u00e9seau Femmes et D\u00e9veloppement des Savanes (REFED\/S) avec l&rsquo;appui financier du PRO-CEMA.<\/p>\n<p>Suivre le reportage.<\/p>\n<p>C. A<\/p>\n","protected":false},"excerpt":{"rendered":"<p>\u00c0 l&rsquo;instar de Lom\u00e9, la capitale togolaise, la ville de Dapaong \u00e0 l&rsquo;extr\u00eame nord du Togo a aussi connu la c\u00e9l\u00e9bration des 16 jours d&rsquo;activisme contre les violences faites aux femmes et aux filles le vendredi 30 novembre dernier. Par une caravane et ensuite une manifestation \u00e0 la hauteur de l&rsquo;\u00e9v\u00e9nement, les femmes de plusieurs [&hellip;]<\/p>\n","protected":false},"author":2,"featured_media":6886,"comment_status":"open","ping_status":"open","sticky":false,"template":"","format":"video","meta":{"ec_post_video":"https:\/\/m.youtube.com\/watch?v=2pi--Y_tOFY"},"categories":[372],"tags":[1629],"odd":[587],"_links":{"self":[{"href":"https:\/\/www.ecoconscience.tv\/api\/wp\/v2\/posts\/6884"}],"collection":[{"href":"https:\/\/www.ecoconscience.tv\/api\/wp\/v2\/posts"}],"about":[{"href":"https:\/\/www.ecoconscience.tv\/api\/wp\/v2\/types\/post"}],"author":[{"embeddable":true,"href":"https:\/\/www.ecoconscience.tv\/api\/wp\/v2\/users\/2"}],"replies":[{"embeddable":true,"href":"https:\/\/www.ecoconscience.tv\/api\/wp\/v2\/comments?post=6884"}],"version-history":[{"count":2,"href":"https:\/\/www.ecoconscience.tv\/api\/wp\/v2\/posts\/6884\/revisions"}],"predecessor-version":[{"id":6888,"href":"https:\/\/www.ecoconscience.tv\/api\/wp\/v2\/posts\/6884\/revisions\/6888"}],"wp:featuredmedia":[{"embeddable":true,"href":"https:\/\/www.ecoconscience.tv\/api\/wp\/v2\/media\/6886"}],"wp:attachment":[{"href":"https:\/\/www.ecoconscience.tv\/api\/wp\/v2\/media?parent=6884"}],"wp:term":[{"taxonomy":"category","embeddable":true,"href":"https:\/\/www.ecoconscience.tv\/api\/wp\/v2\/categories?post=6884"},{"taxonomy":"post_tag","embeddable":true,"href":"https:\/\/www.ecoconscience.tv\/api\/wp\/v2\/tags?post=6884"},{"taxonomy":"odd","embeddable":true,"href":"https:\/\/www.ecoconscience.tv\/api\/wp\/v2\/odd?post=6884"}],"curies":[{"name":"wp","href":"https:\/\/api.w.org\/{rel}","templated":true}]}}