{"id":6880,"date":"2018-12-06T13:50:56","date_gmt":"2018-12-06T13:50:56","guid":{"rendered":"https:\/\/www.ecoconscience.tv\/?p=6880"},"modified":"2018-12-06T13:57:06","modified_gmt":"2018-12-06T13:57:06","slug":"letape-togo-de-la-caravane-sur-les-droits-a-la-terre-a-leau-et-a-lagroecologie-paysanne","status":"publish","type":"post","link":"https:\/\/www.ecoconscience.tv\/letape-togo-de-la-caravane-sur-les-droits-a-la-terre-a-leau-et-a-lagroecologie-paysanne\/","title":{"rendered":"L&rsquo;\u00e9tape Togo de la caravane sur les droits \u00e0 la terre, \u00e0 l&rsquo;eau et \u00e0 l&rsquo;agro\u00e9cologie paysanne"},"content":{"rendered":"<p>La caravane ouest africaine sur les droits \u00e0 la terre, \u00e0 l&rsquo;eau et \u00e0 l&rsquo;agro\u00e9cologie paysanne a pris fin le 30 novembre dernier \u00e0 son point de chute, le B\u00e9nin. Mais avant ce dernier pays, elle est pass\u00e9e au Togo du 23 au 26 du mois en sillonnant les villes de Kpalim\u00e9, Atakpam\u00e9 o\u00f9, au del\u00e0 des conf\u00e9rences publiques tenues, le livret vert de la convergence, un document de plaidoyer pour l&rsquo;am\u00e9lioration et le respect des politiques et des textes l\u00e9gislatifs sur le foncier, l&rsquo;eau et les semences paysannes a \u00e9t\u00e9 remis aux autorit\u00e9s locales.<br \/>\n\u00c0 rappeler que cette caravane qui a rassembl\u00e9 des acteurs de douze nationalit\u00e9s de l&rsquo;Afrique de l&rsquo;ouest est organis\u00e9e par la Convergence Globale des Luttes pour la Terre et l&rsquo;Eau (CGLTE).<\/p>\n<p>Tout sur l&rsquo;\u00e9tape du Togo \u00e0 suivre dans ce grand reportage.<\/p>\n<p>C. A<\/p>\n","protected":false},"excerpt":{"rendered":"<p>La caravane ouest africaine sur les droits \u00e0 la terre, \u00e0 l&rsquo;eau et \u00e0 l&rsquo;agro\u00e9cologie paysanne a pris fin le 30 novembre dernier \u00e0 son point de chute, le B\u00e9nin. Mais avant ce dernier pays, elle est pass\u00e9e au Togo du 23 au 26 du mois en sillonnant les villes de Kpalim\u00e9, Atakpam\u00e9 o\u00f9, au [&hellip;]<\/p>\n","protected":false},"author":2,"featured_media":6882,"comment_status":"open","ping_status":"open","sticky":false,"template":"","format":"video","meta":{"ec_post_video":"https:\/\/m.youtube.com\/watch?v=ZbToLSTCx44"},"categories":[2],"tags":[],"odd":[605],"_links":{"self":[{"href":"https:\/\/www.ecoconscience.tv\/api\/wp\/v2\/posts\/6880"}],"collection":[{"href":"https:\/\/www.ecoconscience.tv\/api\/wp\/v2\/posts"}],"about":[{"href":"https:\/\/www.ecoconscience.tv\/api\/wp\/v2\/types\/post"}],"author":[{"embeddable":true,"href":"https:\/\/www.ecoconscience.tv\/api\/wp\/v2\/users\/2"}],"replies":[{"embeddable":true,"href":"https:\/\/www.ecoconscience.tv\/api\/wp\/v2\/comments?post=6880"}],"version-history":[{"count":1,"href":"https:\/\/www.ecoconscience.tv\/api\/wp\/v2\/posts\/6880\/revisions"}],"predecessor-version":[{"id":6883,"href":"https:\/\/www.ecoconscience.tv\/api\/wp\/v2\/posts\/6880\/revisions\/6883"}],"wp:featuredmedia":[{"embeddable":true,"href":"https:\/\/www.ecoconscience.tv\/api\/wp\/v2\/media\/6882"}],"wp:attachment":[{"href":"https:\/\/www.ecoconscience.tv\/api\/wp\/v2\/media?parent=6880"}],"wp:term":[{"taxonomy":"category","embeddable":true,"href":"https:\/\/www.ecoconscience.tv\/api\/wp\/v2\/categories?post=6880"},{"taxonomy":"post_tag","embeddable":true,"href":"https:\/\/www.ecoconscience.tv\/api\/wp\/v2\/tags?post=6880"},{"taxonomy":"odd","embeddable":true,"href":"https:\/\/www.ecoconscience.tv\/api\/wp\/v2\/odd?post=6880"}],"curies":[{"name":"wp","href":"https:\/\/api.w.org\/{rel}","templated":true}]}}