{"id":6867,"date":"2018-12-04T08:32:37","date_gmt":"2018-12-04T08:32:37","guid":{"rendered":"https:\/\/www.ecoconscience.tv\/?p=6867"},"modified":"2018-12-06T14:25:42","modified_gmt":"2018-12-06T14:25:42","slug":"la-meule-casamancaise-vulgarisee-a-djamde-et-kawa-dans-la-kara","status":"publish","type":"post","link":"https:\/\/www.ecoconscience.tv\/la-meule-casamancaise-vulgarisee-a-djamde-et-kawa-dans-la-kara\/","title":{"rendered":"La meule casaman\u00e7aise, vulgaris\u00e9e \u00e0 Djamd\u00e8 et Kawa dans la Kara"},"content":{"rendered":"<hr \/>\n<p><strong><a href=\"https:\/\/www.ecoconscience.tv\/wp-content\/uploads\/2018\/12\/IMG-20181129-WA0039.jpg\"><img loading=\"lazy\" class=\"size-medium wp-image-6889 alignleft\" src=\"https:\/\/www.ecoconscience.tv\/wp-content\/uploads\/2018\/12\/IMG-20181129-WA0039-300x225.jpg\" alt=\"\" width=\"300\" height=\"225\" srcset=\"https:\/\/www.ecoconscience.tv\/wp-content\/uploads\/2018\/12\/IMG-20181129-WA0039-300x225.jpg 300w, https:\/\/www.ecoconscience.tv\/wp-content\/uploads\/2018\/12\/IMG-20181129-WA0039-768x576.jpg 768w, https:\/\/www.ecoconscience.tv\/wp-content\/uploads\/2018\/12\/IMG-20181129-WA0039-1024x768.jpg 1024w, https:\/\/www.ecoconscience.tv\/wp-content\/uploads\/2018\/12\/IMG-20181129-WA0039-600x450.jpg 600w, https:\/\/www.ecoconscience.tv\/wp-content\/uploads\/2018\/12\/IMG-20181129-WA0039.jpg 1080w\" sizes=\"(max-width: 300px) 100vw, 300px\" \/><\/a>Le Consortium Femmes REDD+ (CF &#8211; REDD+) Kara a d\u00e9marr\u00e9 la formation des carbonisatrices et des collectrices de combustibles bois-\u00e9nergie \u00e0 Djamd\u00e8, localit\u00e9 situ\u00e9e \u00e0 25 km au sud-ouest de la ville de Kara dans la pr\u00e9fecture de la kozah, le mardi 27 novembre 2018. <\/strong><\/p>\n<p>Amida Lokou Tchamdja ,Directrice Ex\u00e9cutive de l&rsquo;ONG APRODIFE, formatrice sur le processus d&rsquo;identification d&rsquo;une Activit\u00e9 G\u00e9n\u00e9ratrice de Revenus (AGR), et Nicod\u00e8me Kolani, formateur sur les techniques de carbonisation am\u00e9lior\u00e9es et l&rsquo;utilisation de la meule Casaman\u00e7aise ont assur\u00e9 successivement cette formation.<\/p>\n<p>Dans son intervention sur les AGR alternatives \u00e0 la carbonisation, la formatrice a d&rsquo;abord expliqu\u00e9 le processus d&rsquo;identification des AGR en lien avec les besoins du milieu, les avantages et les inconv\u00e9nients des AGR en groupe et individuellement, puis les approches de solutions pour la r\u00e9ussite d&rsquo;une AGR. Quant au second facilitateur (Nicod\u00e8me Kolani), il a d\u00e9but\u00e9 la phase pratique de sa formation avec l&rsquo;\u00e9tape de mise en place de la meule casaman\u00e7aise en expliquant ce quoi il s\u2019agissait, comment la mettre en place, les avantages et pourquoi l&rsquo;utilisation de cette meule.<\/p>\n<p>Les participants sont ensuite pass\u00e9s \u00e0 l&rsquo;exercice de mise en place par l\u2019assemblage du bois, la mise en tas suivant un ordre donn\u00e9, le placement de la chemin\u00e9e et des tuyaux d&rsquo;a\u00e9ration. Enfin, la couvaison avec les herbes et la terre, le placement de la chemin\u00e9e et des tuyaux d&rsquo;a\u00e9ration ont mis fin \u00e0 cette phase de mise en place de la meule.<\/p>\n<p>En dehors de la meule casaman\u00e7aise, celle traditionnelle jusque-l\u00e0 connue des participants, a \u00e9galement \u00e9t\u00e9 mise en place par ceux-ci en vue d\u2019une comparaison des r\u00e9sultats apr\u00e8s d\u00e9fournement.<br \/>\nFaut-il le rappeler, l\u2019exercice se situe dans une grande d\u00e9marche du CF-REDD+ Togo pour amener les femmes carbonisatrices surtout de toutes les cinq r\u00e9gions du pays, \u00e0 l\u2019adopter de la nouvelle technique de carbonisation (la meule casaman\u00e7aise) qui offre beaucoup d\u2019avantages en termes de qualit\u00e9 et quantit\u00e9 de charbon \u00e0 obtenir avec peu de bois morts. Il s\u2019agit en r\u00e9alit\u00e9, d\u2019aider \u00e0 r\u00e9duire la d\u00e9forestation et la d\u00e9gradation des for\u00eats dans un contexte de changement climatique.<\/p>\n<p>La formation sur les AGR alternatives devrait \u00e9galement permettre \u00e0 ces femmes de ne pas d\u00e9pendre que du commerce du combustible bois-\u00e9nergie. Kawa, est la deuxi\u00e8me localit\u00e9 dans la r\u00e9gion de la Kara \u00e0 b\u00e9n\u00e9ficier de la m\u00eame formation.<\/p>\n<p>C.A<\/p>\n","protected":false},"excerpt":{"rendered":"<p>Le Consortium Femmes REDD+ (CF &#8211; REDD+) Kara a d\u00e9marr\u00e9 la formation des carbonisatrices et des collectrices de combustibles bois-\u00e9nergie \u00e0 Djamd\u00e8, localit\u00e9 situ\u00e9e \u00e0 25 km au sud-ouest de la ville de Kara dans la pr\u00e9fecture de la kozah, le mardi 27 novembre 2018. Amida Lokou Tchamdja ,Directrice Ex\u00e9cutive de l&rsquo;ONG APRODIFE, formatrice sur [&hellip;]<\/p>\n","protected":false},"author":2,"featured_media":6889,"comment_status":"open","ping_status":"open","sticky":false,"template":"","format":"video","meta":{"ec_post_video":""},"categories":[372],"tags":[],"odd":[607],"_links":{"self":[{"href":"https:\/\/www.ecoconscience.tv\/api\/wp\/v2\/posts\/6867"}],"collection":[{"href":"https:\/\/www.ecoconscience.tv\/api\/wp\/v2\/posts"}],"about":[{"href":"https:\/\/www.ecoconscience.tv\/api\/wp\/v2\/types\/post"}],"author":[{"embeddable":true,"href":"https:\/\/www.ecoconscience.tv\/api\/wp\/v2\/users\/2"}],"replies":[{"embeddable":true,"href":"https:\/\/www.ecoconscience.tv\/api\/wp\/v2\/comments?post=6867"}],"version-history":[{"count":3,"href":"https:\/\/www.ecoconscience.tv\/api\/wp\/v2\/posts\/6867\/revisions"}],"predecessor-version":[{"id":6892,"href":"https:\/\/www.ecoconscience.tv\/api\/wp\/v2\/posts\/6867\/revisions\/6892"}],"wp:featuredmedia":[{"embeddable":true,"href":"https:\/\/www.ecoconscience.tv\/api\/wp\/v2\/media\/6889"}],"wp:attachment":[{"href":"https:\/\/www.ecoconscience.tv\/api\/wp\/v2\/media?parent=6867"}],"wp:term":[{"taxonomy":"category","embeddable":true,"href":"https:\/\/www.ecoconscience.tv\/api\/wp\/v2\/categories?post=6867"},{"taxonomy":"post_tag","embeddable":true,"href":"https:\/\/www.ecoconscience.tv\/api\/wp\/v2\/tags?post=6867"},{"taxonomy":"odd","embeddable":true,"href":"https:\/\/www.ecoconscience.tv\/api\/wp\/v2\/odd?post=6867"}],"curies":[{"name":"wp","href":"https:\/\/api.w.org\/{rel}","templated":true}]}}