{"id":6860,"date":"2018-12-04T07:51:39","date_gmt":"2018-12-04T07:51:39","guid":{"rendered":"https:\/\/www.ecoconscience.tv\/?p=6860"},"modified":"2018-12-06T14:28:15","modified_gmt":"2018-12-06T14:28:15","slug":"nayega-et-djoamon-dans-les-savanes-pour-lutilisation-de-la-meule-casamancaise","status":"publish","type":"post","link":"https:\/\/www.ecoconscience.tv\/nayega-et-djoamon-dans-les-savanes-pour-lutilisation-de-la-meule-casamancaise\/","title":{"rendered":"Nayega et Djoamon dans les Savanes pour l&rsquo;utilisation de la meule casaman\u00e7aise"},"content":{"rendered":"<p><strong>Deux localit\u00e9s, Nayega dans Naki-Est et Djoamon dans le Kpendjal Ouest ont \u00e9t\u00e9 retenues par le Consortium Femmes REDD+ pour b\u00e9n\u00e9ficier de la formation en technique am\u00e9lior\u00e9e de carbonisation et d&rsquo;identification des AGRs alternatives au commerce bois -\u00e9nergie. <\/strong><\/p>\n<p>Sous la coordination de CF-REDD+ Savanes donc, les femmes carbonisatrices et collectrices du combustible bois- \u00e9nergie des deux milieux ont \u00e9t\u00e9 outill\u00e9es sur l&rsquo;utilisation de la meule casaman\u00e7aise pour leurs activit\u00e9s de carbonisation afin de gagner davantage en revenus sans pour autant d\u00e9truire les for\u00eats.<\/p>\n<p>Elles ont pu \u00e0 l&rsquo;issue de la formation pratique, faire une appr\u00e9ciation du charbon de bois obtenu avec la nouvelle technique apprise, qui de leur aveu, est plus lourd, plus consistant que celui obtenu avec leur meule traditionnelle.<\/p>\n<p>Les d\u00e9tails \u00e0 suivre dans le reportage.<\/p>\n<p>C. A<\/p>\n","protected":false},"excerpt":{"rendered":"<p>Deux localit\u00e9s, Nayega dans Naki-Est et Djoamon dans le Kpendjal Ouest ont \u00e9t\u00e9 retenues par le Consortium Femmes REDD+ pour b\u00e9n\u00e9ficier de la formation en technique am\u00e9lior\u00e9e de carbonisation et d&rsquo;identification des AGRs alternatives au commerce bois -\u00e9nergie. Sous la coordination de CF-REDD+ Savanes donc, les femmes carbonisatrices et collectrices du combustible bois- \u00e9nergie des [&hellip;]<\/p>\n","protected":false},"author":2,"featured_media":6893,"comment_status":"open","ping_status":"open","sticky":false,"template":"","format":"video","meta":{"ec_post_video":"https:\/\/m.youtube.com\/watch?v=yD4tW9J7En8"},"categories":[2],"tags":[1626],"odd":[607,611,587],"_links":{"self":[{"href":"https:\/\/www.ecoconscience.tv\/api\/wp\/v2\/posts\/6860"}],"collection":[{"href":"https:\/\/www.ecoconscience.tv\/api\/wp\/v2\/posts"}],"about":[{"href":"https:\/\/www.ecoconscience.tv\/api\/wp\/v2\/types\/post"}],"author":[{"embeddable":true,"href":"https:\/\/www.ecoconscience.tv\/api\/wp\/v2\/users\/2"}],"replies":[{"embeddable":true,"href":"https:\/\/www.ecoconscience.tv\/api\/wp\/v2\/comments?post=6860"}],"version-history":[{"count":1,"href":"https:\/\/www.ecoconscience.tv\/api\/wp\/v2\/posts\/6860\/revisions"}],"predecessor-version":[{"id":6862,"href":"https:\/\/www.ecoconscience.tv\/api\/wp\/v2\/posts\/6860\/revisions\/6862"}],"wp:featuredmedia":[{"embeddable":true,"href":"https:\/\/www.ecoconscience.tv\/api\/wp\/v2\/media\/6893"}],"wp:attachment":[{"href":"https:\/\/www.ecoconscience.tv\/api\/wp\/v2\/media?parent=6860"}],"wp:term":[{"taxonomy":"category","embeddable":true,"href":"https:\/\/www.ecoconscience.tv\/api\/wp\/v2\/categories?post=6860"},{"taxonomy":"post_tag","embeddable":true,"href":"https:\/\/www.ecoconscience.tv\/api\/wp\/v2\/tags?post=6860"},{"taxonomy":"odd","embeddable":true,"href":"https:\/\/www.ecoconscience.tv\/api\/wp\/v2\/odd?post=6860"}],"curies":[{"name":"wp","href":"https:\/\/api.w.org\/{rel}","templated":true}]}}