{"id":6857,"date":"2018-12-04T07:42:41","date_gmt":"2018-12-04T07:42:41","guid":{"rendered":"https:\/\/www.ecoconscience.tv\/?p=6857"},"modified":"2018-12-05T13:24:32","modified_gmt":"2018-12-05T13:24:32","slug":"grail-nt-faire-des-eleves-ambassadeurs-de-paix","status":"publish","type":"post","link":"https:\/\/www.ecoconscience.tv\/grail-nt-faire-des-eleves-ambassadeurs-de-paix\/","title":{"rendered":"GRAIL-NT: faire des \u00e9l\u00e8ves de Tandjoare Centre et Bogou des ambassadeurs de paix"},"content":{"rendered":"<p><strong>Laur\u00e9at de l&rsquo;appel \u00e0 projet citoyen 2018 du Minist\u00e8re de la Communication et de la Formation Civique, le Groupe de Recherche et d&rsquo;Appui aux Initiatives Locales Nord Togo (GRAIL-NT) a officiellement lanc\u00e9 son projet soumis le mercredi 27 novembre dernier \u00e0 Tandjoare. <\/strong><\/p>\n<p>Il porte sur la pr\u00e9vention des conflits pour le maintien de la paix et de la solidarit\u00e9 dans les lyc\u00e9es et coll\u00e8ges de Tandjoare Centre et Bisou.<\/p>\n<p>En voulant faire des \u00e9l\u00e8ves de ce milieu des partisans de paix, le GRAIL-NT (&#8230;).<\/p>\n<p>Lire le reportage.<\/p>\n<p>C. A<\/p>\n","protected":false},"excerpt":{"rendered":"<p>Laur\u00e9at de l&rsquo;appel \u00e0 projet citoyen 2018 du Minist\u00e8re de la Communication et de la Formation Civique, le Groupe de Recherche et d&rsquo;Appui aux Initiatives Locales Nord Togo (GRAIL-NT) a officiellement lanc\u00e9 son projet soumis le mercredi 27 novembre dernier \u00e0 Tandjoare. Il porte sur la pr\u00e9vention des conflits pour le maintien de la paix [&hellip;]<\/p>\n","protected":false},"author":2,"featured_media":6873,"comment_status":"open","ping_status":"open","sticky":false,"template":"","format":"video","meta":{"ec_post_video":"https:\/\/m.youtube.com\/watch?v=WnmytdOUNnk"},"categories":[2],"tags":[1625],"odd":[613],"_links":{"self":[{"href":"https:\/\/www.ecoconscience.tv\/api\/wp\/v2\/posts\/6857"}],"collection":[{"href":"https:\/\/www.ecoconscience.tv\/api\/wp\/v2\/posts"}],"about":[{"href":"https:\/\/www.ecoconscience.tv\/api\/wp\/v2\/types\/post"}],"author":[{"embeddable":true,"href":"https:\/\/www.ecoconscience.tv\/api\/wp\/v2\/users\/2"}],"replies":[{"embeddable":true,"href":"https:\/\/www.ecoconscience.tv\/api\/wp\/v2\/comments?post=6857"}],"version-history":[{"count":1,"href":"https:\/\/www.ecoconscience.tv\/api\/wp\/v2\/posts\/6857\/revisions"}],"predecessor-version":[{"id":6859,"href":"https:\/\/www.ecoconscience.tv\/api\/wp\/v2\/posts\/6857\/revisions\/6859"}],"wp:featuredmedia":[{"embeddable":true,"href":"https:\/\/www.ecoconscience.tv\/api\/wp\/v2\/media\/6873"}],"wp:attachment":[{"href":"https:\/\/www.ecoconscience.tv\/api\/wp\/v2\/media?parent=6857"}],"wp:term":[{"taxonomy":"category","embeddable":true,"href":"https:\/\/www.ecoconscience.tv\/api\/wp\/v2\/categories?post=6857"},{"taxonomy":"post_tag","embeddable":true,"href":"https:\/\/www.ecoconscience.tv\/api\/wp\/v2\/tags?post=6857"},{"taxonomy":"odd","embeddable":true,"href":"https:\/\/www.ecoconscience.tv\/api\/wp\/v2\/odd?post=6857"}],"curies":[{"name":"wp","href":"https:\/\/api.w.org\/{rel}","templated":true}]}}