{"id":6796,"date":"2018-11-24T12:29:29","date_gmt":"2018-11-24T12:29:29","guid":{"rendered":"https:\/\/www.ecoconscience.tv\/?p=6796"},"modified":"2018-11-24T17:40:38","modified_gmt":"2018-11-24T17:40:38","slug":"etudiants-sensibilises-lutilisation-rationnelle-medias-sociaux","status":"publish","type":"post","link":"https:\/\/www.ecoconscience.tv\/etudiants-sensibilises-lutilisation-rationnelle-medias-sociaux\/","title":{"rendered":"Les \u00e9tudiants de l&rsquo;American Corner sensibilis\u00e9s sur l&rsquo;utilisation rationnelle des m\u00e9dias sociaux"},"content":{"rendered":"<p><a href=\"https:\/\/www.ecoconscience.tv\/wp-content\/uploads\/2018\/11\/20181124_110812.jpg\"><img loading=\"lazy\" class=\"alignright size-medium wp-image-6799\" src=\"https:\/\/www.ecoconscience.tv\/wp-content\/uploads\/2018\/11\/20181124_110812-300x166.jpg\" alt=\"\" width=\"300\" height=\"166\" srcset=\"https:\/\/www.ecoconscience.tv\/wp-content\/uploads\/2018\/11\/20181124_110812-300x166.jpg 300w, https:\/\/www.ecoconscience.tv\/wp-content\/uploads\/2018\/11\/20181124_110812-768x424.jpg 768w, https:\/\/www.ecoconscience.tv\/wp-content\/uploads\/2018\/11\/20181124_110812-1024x565.jpg 1024w, https:\/\/www.ecoconscience.tv\/wp-content\/uploads\/2018\/11\/20181124_110812-600x331.jpg 600w, https:\/\/www.ecoconscience.tv\/wp-content\/uploads\/2018\/11\/20181124_110812.jpg 1080w\" sizes=\"(max-width: 300px) 100vw, 300px\" \/><\/a><strong><a href=\"https:\/\/www.ecoconscience.tv\/2018\/reportages\/ecoconscience-tv-contre-lutilisation-abusive-des-medias-sociaux\/\" target=\"_blank\" rel=\"noopener\">Apr\u00e8s\u00a0 le lancement officiel<\/a> il y a quelques jours de cela, Ecoconscience TV s&rsquo;est lanc\u00e9e dans la phase de mise en oeuvre de son projet \u00abUtilisation responsable des r\u00e9seaux sociaux en p\u00e9riode \u00e9lectorale \u00bb. <\/strong><\/p>\n<p>\u00c0 l&rsquo;American Corner \u00e0 l&rsquo;Universit\u00e9 de Lom\u00e9 le vendredi 16 novembre dernier en effet, elle a avec l&rsquo;appui de la Direction de la Formation Civique, sensibilis\u00e9 une cinquantaine d&rsquo;\u00e9tudiants sur le sujet en \u00e9veillant leur conscience sur les dangers qu&rsquo;ils peuvent encourir en utilisant les m\u00e9dias sociaux d&rsquo;une fa\u00e7on d\u00e9mesur\u00e9e.<\/p>\n<p>L&rsquo;av\u00e8nement des r\u00e9seaux sociaux en Afrique, une opportunit\u00e9 ou une menace pour le continent ? C&rsquo;est le th\u00e8me qui a \u00e9t\u00e9 d\u00e9cortiqu\u00e9 par les pan\u00e9listes et qui a suscit\u00e9 beaucoup d&rsquo;engouements des participants.<\/p>\n<p>Suivre le reportage.<\/p>\n<p>C. A<\/p>\n","protected":false},"excerpt":{"rendered":"<p>Apr\u00e8s\u00a0 le lancement officiel il y a quelques jours de cela, Ecoconscience TV s&rsquo;est lanc\u00e9e dans la phase de mise en oeuvre de son projet \u00abUtilisation responsable des r\u00e9seaux sociaux en p\u00e9riode \u00e9lectorale \u00bb. \u00c0 l&rsquo;American Corner \u00e0 l&rsquo;Universit\u00e9 de Lom\u00e9 le vendredi 16 novembre dernier en effet, elle a avec l&rsquo;appui de la Direction [&hellip;]<\/p>\n","protected":false},"author":2,"featured_media":6798,"comment_status":"open","ping_status":"open","sticky":false,"template":"","format":"video","meta":{"ec_post_video":"https:\/\/m.youtube.com\/watch?v=PJh2y_XSYzQ"},"categories":[2],"tags":[1617,1048,1046,1414,1619,1620,1618],"odd":[613],"_links":{"self":[{"href":"https:\/\/www.ecoconscience.tv\/api\/wp\/v2\/posts\/6796"}],"collection":[{"href":"https:\/\/www.ecoconscience.tv\/api\/wp\/v2\/posts"}],"about":[{"href":"https:\/\/www.ecoconscience.tv\/api\/wp\/v2\/types\/post"}],"author":[{"embeddable":true,"href":"https:\/\/www.ecoconscience.tv\/api\/wp\/v2\/users\/2"}],"replies":[{"embeddable":true,"href":"https:\/\/www.ecoconscience.tv\/api\/wp\/v2\/comments?post=6796"}],"version-history":[{"count":4,"href":"https:\/\/www.ecoconscience.tv\/api\/wp\/v2\/posts\/6796\/revisions"}],"predecessor-version":[{"id":6803,"href":"https:\/\/www.ecoconscience.tv\/api\/wp\/v2\/posts\/6796\/revisions\/6803"}],"wp:featuredmedia":[{"embeddable":true,"href":"https:\/\/www.ecoconscience.tv\/api\/wp\/v2\/media\/6798"}],"wp:attachment":[{"href":"https:\/\/www.ecoconscience.tv\/api\/wp\/v2\/media?parent=6796"}],"wp:term":[{"taxonomy":"category","embeddable":true,"href":"https:\/\/www.ecoconscience.tv\/api\/wp\/v2\/categories?post=6796"},{"taxonomy":"post_tag","embeddable":true,"href":"https:\/\/www.ecoconscience.tv\/api\/wp\/v2\/tags?post=6796"},{"taxonomy":"odd","embeddable":true,"href":"https:\/\/www.ecoconscience.tv\/api\/wp\/v2\/odd?post=6796"}],"curies":[{"name":"wp","href":"https:\/\/api.w.org\/{rel}","templated":true}]}}