{"id":6790,"date":"2018-11-24T00:25:59","date_gmt":"2018-11-24T00:25:59","guid":{"rendered":"https:\/\/www.ecoconscience.tv\/?p=6790"},"modified":"2018-11-24T00:46:24","modified_gmt":"2018-11-24T00:46:24","slug":"gestion-integree-des-secheresses-et-inondations-apport-des-hommes-femmes-medias","status":"publish","type":"post","link":"https:\/\/www.ecoconscience.tv\/gestion-integree-des-secheresses-et-inondations-apport-des-hommes-femmes-medias\/","title":{"rendered":"Gestion int\u00e9gr\u00e9e des s\u00e9cheresses et inondations : quel apport des hommes\/femmes des medias en Afrique de l&rsquo;Ouest ?"},"content":{"rendered":"<p style=\"text-align: justify;\">Du 20 au 22 novembre 2018 \u00e0 Ouagadougou, une vingtaine de femmes et hommes de m\u00e9dia venus du B\u00e9nin, du Burkina Faso, de la C\u00f4te d\u2019Ivoire, du Ghana, du Mali, du Niger et du Togo ont pris part \u00e0 l\u2019atelier r\u00e9gional, portant sur le theme : \u00ab\u00a0Gestion int\u00e9gr\u00e9e des s\u00e9cheresses et inondations : Apport des hommes\/femmes des m\u00e9dias dans le plaidoyer et la sensibilisation en Afrique de l\u2019Ouest\u00a0\u00bb.<br \/>\nLa rencontre est coorganis\u00e9e par le <a href=\"https:\/\/www.gwp.org\/fr\/GWP-Afrique-Ouest\/Partenaires\/Partenariats\/partenariats-nationaux-de-leau\/\" target=\"_blank\" rel=\"noopener\">Partenariat r\u00e9gional de l\u2019Eau de l\u2019Afrique de l\u2019Ouest (GWP-AO)<\/a>,<br \/>\nl\u2019<a href=\"https:\/\/fr.wikipedia.org\/wiki\/Autorit%C3%A9_du_bassin_de_la_Volta\" target=\"_blank\" rel=\"noopener\">Autorit\u00e9 du Bassin de la Volta (ABV)<\/a> et le Partenariat National de l\u2019Eau (PNE) du Burkina Faso. Il s&rsquo;inscrit dans le cadre de la mise en oeuvre du Projet de Gestion int\u00e9gr\u00e9e de la S\u00e9cheresse en Afrique de l&rsquo;ouest (PROGIS-AO), du programme eau, climat et d\u00e9veloppement (WACDEP &#8211; Water, climat and Development Programme) et de l&rsquo;initiative TonFuturTonClimat du GWP-AO.<\/p>\n<p style=\"text-align: justify;\">Au cours de cet\u00a0atelier\u00a0 les participants\u00a0 ont \u00e9chang\u00e9 sur la perception des probl\u00e9matiques par les communaut\u00e9s lors d&rsquo;une sortie de terrain qui leur a permis d&rsquo;experimenter les r\u00e9alit\u00e9s des populations. Ils ont essentiellement visite\u00a0deux sites sur lesquels les actions de GWP-AO et ses partenaires impactent la communaut\u00e9, notamment le site experimental du WACDEP Burkina \u00e0 Loumbila et le site experimental du PROGIS-AO Burkina \u00e0 Komki-Ipala.<\/p>\n<p style=\"text-align: justify;\">Devant nos micros, le Directeur Ex\u00e9cutif de l&rsquo;Autorit\u00e9 du Bassin de la Volta, Monsieur Robert Yaovi DESSOUASSI, l&rsquo;un des communicateurs donne plus d\u00e9tails sur l&rsquo;importance de cet Atelier r\u00e9gional de Ouaga&#8230;<br \/>\nSuivez plutot.<\/p>\n<p style=\"text-align: justify;\">#EcoConscienceTV<\/p>\n","protected":false},"excerpt":{"rendered":"<p>Du 20 au 22 novembre 2018 \u00e0 Ouagadougou, une vingtaine de femmes et hommes de m\u00e9dia venus du B\u00e9nin, du Burkina Faso, de la C\u00f4te d\u2019Ivoire, du Ghana, du Mali, du Niger et du Togo ont pris part \u00e0 l\u2019atelier r\u00e9gional, portant sur le theme : \u00ab\u00a0Gestion int\u00e9gr\u00e9e des s\u00e9cheresses et inondations : Apport des [&hellip;]<\/p>\n","protected":false},"author":2,"featured_media":6793,"comment_status":"open","ping_status":"open","sticky":false,"template":"","format":"video","meta":{"ec_post_video":"https:\/\/www.youtube.com\/watch?v=qLV3JGbbkyY"},"categories":[372],"tags":[1612,1615,1611,1616,1614,1160,1613],"odd":[591],"_links":{"self":[{"href":"https:\/\/www.ecoconscience.tv\/api\/wp\/v2\/posts\/6790"}],"collection":[{"href":"https:\/\/www.ecoconscience.tv\/api\/wp\/v2\/posts"}],"about":[{"href":"https:\/\/www.ecoconscience.tv\/api\/wp\/v2\/types\/post"}],"author":[{"embeddable":true,"href":"https:\/\/www.ecoconscience.tv\/api\/wp\/v2\/users\/2"}],"replies":[{"embeddable":true,"href":"https:\/\/www.ecoconscience.tv\/api\/wp\/v2\/comments?post=6790"}],"version-history":[{"count":3,"href":"https:\/\/www.ecoconscience.tv\/api\/wp\/v2\/posts\/6790\/revisions"}],"predecessor-version":[{"id":6795,"href":"https:\/\/www.ecoconscience.tv\/api\/wp\/v2\/posts\/6790\/revisions\/6795"}],"wp:featuredmedia":[{"embeddable":true,"href":"https:\/\/www.ecoconscience.tv\/api\/wp\/v2\/media\/6793"}],"wp:attachment":[{"href":"https:\/\/www.ecoconscience.tv\/api\/wp\/v2\/media?parent=6790"}],"wp:term":[{"taxonomy":"category","embeddable":true,"href":"https:\/\/www.ecoconscience.tv\/api\/wp\/v2\/categories?post=6790"},{"taxonomy":"post_tag","embeddable":true,"href":"https:\/\/www.ecoconscience.tv\/api\/wp\/v2\/tags?post=6790"},{"taxonomy":"odd","embeddable":true,"href":"https:\/\/www.ecoconscience.tv\/api\/wp\/v2\/odd?post=6790"}],"curies":[{"name":"wp","href":"https:\/\/api.w.org\/{rel}","templated":true}]}}