{"id":6687,"date":"2018-10-31T23:43:14","date_gmt":"2018-10-31T23:43:14","guid":{"rendered":"https:\/\/www.ecoconscience.tv\/?p=6687"},"modified":"2018-11-01T09:47:36","modified_gmt":"2018-11-01T09:47:36","slug":"ecoconscience-tv-contre-lutilisation-abusive-des-medias-sociaux","status":"publish","type":"post","link":"https:\/\/www.ecoconscience.tv\/ecoconscience-tv-contre-lutilisation-abusive-des-medias-sociaux\/","title":{"rendered":"EcoConscience TV part en guerre contre l&rsquo;utilisation abusive des m\u00e9dias sociaux"},"content":{"rendered":"<p>\u00abCampagne de sensibilisation des jeunes et activistes sur l&rsquo;utilisation responsable des r\u00e9seaux sociaux comme outils de participation citoyenne avant, pendant et apr\u00e8s la p\u00e9riode \u00e9lectorale\u00bb, tel est l&rsquo;intitul\u00e9 du projet que mettra en oeuvre votre cha\u00eene Ecoconscience TV sur une dur\u00e9e de six mois.<\/p>\n<p>Laur\u00e9ate du r\u00e9cent appel \u00e0 projet \u00e0 l&rsquo;endroit des m\u00e9dias du Minist\u00e8re en charge de la formation civique, la cha\u00eene a officiellement lanc\u00e9 ledit projet ce mardi 30 octobre 2018, avec entre autres objectifs, d&rsquo;aider \u00e0 adresser les violences que peut engendrer l&rsquo;utilisation abusive des m\u00e9dias sociaux, la violation des droits humains, le trafic humain et surtout combatte les fake news.<\/p>\n<p>Plus de d\u00e9tails dans le reportage.<\/p>\n<p>Chris AGBEDINOU<\/p>\n","protected":false},"excerpt":{"rendered":"<p>\u00abCampagne de sensibilisation des jeunes et activistes sur l&rsquo;utilisation responsable des r\u00e9seaux sociaux comme outils de participation citoyenne avant, pendant et apr\u00e8s la p\u00e9riode \u00e9lectorale\u00bb, tel est l&rsquo;intitul\u00e9 du projet que mettra en oeuvre votre cha\u00eene Ecoconscience TV sur une dur\u00e9e de six mois. Laur\u00e9ate du r\u00e9cent appel \u00e0 projet \u00e0 l&rsquo;endroit des m\u00e9dias du [&hellip;]<\/p>\n","protected":false},"author":2,"featured_media":6689,"comment_status":"open","ping_status":"open","sticky":true,"template":"","format":"video","meta":{"ec_post_video":"https:\/\/m.youtube.com\/watch?v=nJo-h4SfhKM"},"categories":[2],"tags":[1414,1591,1042,1582,1592,768,1593,1248,1590],"odd":[613],"_links":{"self":[{"href":"https:\/\/www.ecoconscience.tv\/api\/wp\/v2\/posts\/6687"}],"collection":[{"href":"https:\/\/www.ecoconscience.tv\/api\/wp\/v2\/posts"}],"about":[{"href":"https:\/\/www.ecoconscience.tv\/api\/wp\/v2\/types\/post"}],"author":[{"embeddable":true,"href":"https:\/\/www.ecoconscience.tv\/api\/wp\/v2\/users\/2"}],"replies":[{"embeddable":true,"href":"https:\/\/www.ecoconscience.tv\/api\/wp\/v2\/comments?post=6687"}],"version-history":[{"count":1,"href":"https:\/\/www.ecoconscience.tv\/api\/wp\/v2\/posts\/6687\/revisions"}],"predecessor-version":[{"id":6690,"href":"https:\/\/www.ecoconscience.tv\/api\/wp\/v2\/posts\/6687\/revisions\/6690"}],"wp:featuredmedia":[{"embeddable":true,"href":"https:\/\/www.ecoconscience.tv\/api\/wp\/v2\/media\/6689"}],"wp:attachment":[{"href":"https:\/\/www.ecoconscience.tv\/api\/wp\/v2\/media?parent=6687"}],"wp:term":[{"taxonomy":"category","embeddable":true,"href":"https:\/\/www.ecoconscience.tv\/api\/wp\/v2\/categories?post=6687"},{"taxonomy":"post_tag","embeddable":true,"href":"https:\/\/www.ecoconscience.tv\/api\/wp\/v2\/tags?post=6687"},{"taxonomy":"odd","embeddable":true,"href":"https:\/\/www.ecoconscience.tv\/api\/wp\/v2\/odd?post=6687"}],"curies":[{"name":"wp","href":"https:\/\/api.w.org\/{rel}","templated":true}]}}