{"id":6677,"date":"2018-10-26T20:18:14","date_gmt":"2018-10-26T20:18:14","guid":{"rendered":"https:\/\/www.ecoconscience.tv\/?p=6677"},"modified":"2018-10-26T20:18:14","modified_gmt":"2018-10-26T20:18:14","slug":"adt-des-osc-appellent-a-des-ape-plus-justes-entre-lue-et-la-cedeao","status":"publish","type":"post","link":"https:\/\/www.ecoconscience.tv\/adt-des-osc-appellent-a-des-ape-plus-justes-entre-lue-et-la-cedeao\/","title":{"rendered":"ADT: Des OSC appellent \u00e0 des APE plus justes entre l&rsquo;UE et la CEDEAO"},"content":{"rendered":"<p>En \u00e9troite collaboration avec les Amis de la Terre Nigeria, les Amis de la Terre Togo ont outill\u00e9 les 24 et 25 de ce mois octobre 2018, plusieurs acteurs issus du secteur priv\u00e9, des repr\u00e9sentants gouvernementaux et autre, des organisations de la soci\u00e9t\u00e9 civile de la sous r\u00e9gion ouest africaine sur les impacts des Accords de Partenariat \u00c9conomique (APE) et la politique de commerce \u00e9quitable. L&rsquo;id\u00e9e, les amener \u00e0 une prise de conscience sur les effets n\u00e9fastes desdits accords pour les pays de la CEDEAO, en proposant des pistes qui pourraient aider \u00e0 arriver \u00e0 des accords plus justes. Les APE en gestation pour rappel, devraient li\u00e9s les pays de la sous r\u00e9gion ouest africaine \u00e0 l&rsquo;Union europ\u00e9enne sur le plan surtout commercial.<\/p>\n<p>Les d\u00e9tails de cet atelier \u00e0 suivre dans le reportage&#8230;<\/p>\n<p>C. A<\/p>\n","protected":false},"excerpt":{"rendered":"<p>En \u00e9troite collaboration avec les Amis de la Terre Nigeria, les Amis de la Terre Togo ont outill\u00e9 les 24 et 25 de ce mois octobre 2018, plusieurs acteurs issus du secteur priv\u00e9, des repr\u00e9sentants gouvernementaux et autre, des organisations de la soci\u00e9t\u00e9 civile de la sous r\u00e9gion ouest africaine sur les impacts des Accords [&hellip;]<\/p>\n","protected":false},"author":2,"featured_media":6678,"comment_status":"open","ping_status":"open","sticky":false,"template":"","format":"video","meta":{"ec_post_video":"https:\/\/m.youtube.com\/watch?v=DHBdCatc6aI"},"categories":[372],"tags":[],"odd":[],"_links":{"self":[{"href":"https:\/\/www.ecoconscience.tv\/api\/wp\/v2\/posts\/6677"}],"collection":[{"href":"https:\/\/www.ecoconscience.tv\/api\/wp\/v2\/posts"}],"about":[{"href":"https:\/\/www.ecoconscience.tv\/api\/wp\/v2\/types\/post"}],"author":[{"embeddable":true,"href":"https:\/\/www.ecoconscience.tv\/api\/wp\/v2\/users\/2"}],"replies":[{"embeddable":true,"href":"https:\/\/www.ecoconscience.tv\/api\/wp\/v2\/comments?post=6677"}],"version-history":[{"count":1,"href":"https:\/\/www.ecoconscience.tv\/api\/wp\/v2\/posts\/6677\/revisions"}],"predecessor-version":[{"id":6679,"href":"https:\/\/www.ecoconscience.tv\/api\/wp\/v2\/posts\/6677\/revisions\/6679"}],"wp:featuredmedia":[{"embeddable":true,"href":"https:\/\/www.ecoconscience.tv\/api\/wp\/v2\/media\/6678"}],"wp:attachment":[{"href":"https:\/\/www.ecoconscience.tv\/api\/wp\/v2\/media?parent=6677"}],"wp:term":[{"taxonomy":"category","embeddable":true,"href":"https:\/\/www.ecoconscience.tv\/api\/wp\/v2\/categories?post=6677"},{"taxonomy":"post_tag","embeddable":true,"href":"https:\/\/www.ecoconscience.tv\/api\/wp\/v2\/tags?post=6677"},{"taxonomy":"odd","embeddable":true,"href":"https:\/\/www.ecoconscience.tv\/api\/wp\/v2\/odd?post=6677"}],"curies":[{"name":"wp","href":"https:\/\/api.w.org\/{rel}","templated":true}]}}