{"id":6639,"date":"2018-10-12T16:16:52","date_gmt":"2018-10-12T16:16:52","guid":{"rendered":"https:\/\/www.ecoconscience.tv\/?p=6639"},"modified":"2018-10-12T17:07:21","modified_gmt":"2018-10-12T17:07:21","slug":"que-signifie-un-developpement-communautaire","status":"publish","type":"post","link":"https:\/\/www.ecoconscience.tv\/que-signifie-un-developpement-communautaire\/","title":{"rendered":"Que signifie un d\u00e9veloppement communautaire ? La r\u00e9ponse avec notre invit\u00e9"},"content":{"rendered":"<p>Vous l&rsquo;avez bien connu sur notre cha\u00eene. Il est encore l\u00e0 \u00e0 notre c\u00f4t\u00e9 pour partager des initiatives soutenues dans nos communaut\u00e9s.<\/p>\n<p><strong>ECO CONSCIENCE TV<\/strong> vous offre le nouveau num\u00e9ro de l&rsquo;\u00e9mission <strong>\u00c9COLOGIE ET CONSCIENCE<\/strong>.<\/p>\n<p>Dans ce num\u00e9ro nous parlons du d\u00e9veloppement communautaire. Que signifie un d\u00e9veloppement communautaire ?<br \/>\nLa r\u00e9ponse avec notre invit\u00e9, M.Guillaume Quelin, expert en developpement durable.<\/p>\n<p>Une \u00e9mission r\u00e9alis\u00e9e dans l&rsquo;<a href=\"https:\/\/www.facebook.com\/pages\/Espace-VIVA\/1821081514846627\" target=\"_blank\" rel=\"noopener\">Espace VIVA<\/a>, un espace \u00e9colo qui fait la valorisation des d\u00e9chets recycl\u00e9s\u00a0 \u00e0 Lome.<\/p>\n<p>Bienvenus !<\/p>\n","protected":false},"excerpt":{"rendered":"<p>Vous l&rsquo;avez bien connu sur notre cha\u00eene. Il est encore l\u00e0 \u00e0 notre c\u00f4t\u00e9 pour partager des initiatives soutenues dans nos communaut\u00e9s. ECO CONSCIENCE TV vous offre le nouveau num\u00e9ro de l&rsquo;\u00e9mission \u00c9COLOGIE ET CONSCIENCE. Dans ce num\u00e9ro nous parlons du d\u00e9veloppement communautaire. Que signifie un d\u00e9veloppement communautaire ? La r\u00e9ponse avec notre invit\u00e9, M.Guillaume [&hellip;]<\/p>\n","protected":false},"author":2,"featured_media":6641,"comment_status":"open","ping_status":"open","sticky":false,"template":"","format":"video","meta":{"ec_post_video":"https:\/\/www.youtube.com\/watch?v=XPOdlzk-Z0U"},"categories":[1190,5],"tags":[],"odd":[615],"_links":{"self":[{"href":"https:\/\/www.ecoconscience.tv\/api\/wp\/v2\/posts\/6639"}],"collection":[{"href":"https:\/\/www.ecoconscience.tv\/api\/wp\/v2\/posts"}],"about":[{"href":"https:\/\/www.ecoconscience.tv\/api\/wp\/v2\/types\/post"}],"author":[{"embeddable":true,"href":"https:\/\/www.ecoconscience.tv\/api\/wp\/v2\/users\/2"}],"replies":[{"embeddable":true,"href":"https:\/\/www.ecoconscience.tv\/api\/wp\/v2\/comments?post=6639"}],"version-history":[{"count":4,"href":"https:\/\/www.ecoconscience.tv\/api\/wp\/v2\/posts\/6639\/revisions"}],"predecessor-version":[{"id":6644,"href":"https:\/\/www.ecoconscience.tv\/api\/wp\/v2\/posts\/6639\/revisions\/6644"}],"wp:featuredmedia":[{"embeddable":true,"href":"https:\/\/www.ecoconscience.tv\/api\/wp\/v2\/media\/6641"}],"wp:attachment":[{"href":"https:\/\/www.ecoconscience.tv\/api\/wp\/v2\/media?parent=6639"}],"wp:term":[{"taxonomy":"category","embeddable":true,"href":"https:\/\/www.ecoconscience.tv\/api\/wp\/v2\/categories?post=6639"},{"taxonomy":"post_tag","embeddable":true,"href":"https:\/\/www.ecoconscience.tv\/api\/wp\/v2\/tags?post=6639"},{"taxonomy":"odd","embeddable":true,"href":"https:\/\/www.ecoconscience.tv\/api\/wp\/v2\/odd?post=6639"}],"curies":[{"name":"wp","href":"https:\/\/api.w.org\/{rel}","templated":true}]}}