{"id":6596,"date":"2018-09-30T10:45:33","date_gmt":"2018-09-30T10:45:33","guid":{"rendered":"https:\/\/www.ecoconscience.tv\/?p=6596"},"modified":"2018-09-30T10:45:33","modified_gmt":"2018-09-30T10:45:33","slug":"operation-plage-propre-semaine-diplomatie-du-climat-2018","status":"publish","type":"post","link":"https:\/\/www.ecoconscience.tv\/operation-plage-propre-semaine-diplomatie-du-climat-2018\/","title":{"rendered":"Une op\u00e9ration plage propre met fin \u00e0 la semaine de la diplomatie du climat 2018"},"content":{"rendered":"<p>La semaine de la diplomatie du climat, l&rsquo;\u00e9dition 2018 est d\u00e9finitivement rentr\u00e9e dans l&rsquo;histoire ce samedi 29 septembre. Et pour la journ\u00e9e apoth\u00e9ose, plus de cinq cents (500) jeunes de plusieurs associations de d\u00e9fense et de protection de l&rsquo;environnement se sont retrouv\u00e9s \u00e0 la plage de Lom\u00e9 pour la nettoyer en ramassant lors d&rsquo;une course ecojogging, des d\u00e9chets plastiques.<\/p>\n<blockquote><p>L&rsquo;initiative est \u00e0 l&rsquo;actif de l&rsquo;ONG Sciences et Technologies Africaines du D\u00e9veloppement Durable ( STADD) et le Club des Amis de la Plage et des Oc\u00e9ans (CAPLO), en collaboration avec la d\u00e9l\u00e9gation de l&rsquo;Union europ\u00e9enne.<\/p><\/blockquote>\n<p>Les d\u00e9tails de cette op\u00e9ration de salubrit\u00e9 publique \u00e0 suivre dans le reportage.<\/p>\n<p>C.A<\/p>\n","protected":false},"excerpt":{"rendered":"<p>La semaine de la diplomatie du climat, l&rsquo;\u00e9dition 2018 est d\u00e9finitivement rentr\u00e9e dans l&rsquo;histoire ce samedi 29 septembre. Et pour la journ\u00e9e apoth\u00e9ose, plus de cinq cents (500) jeunes de plusieurs associations de d\u00e9fense et de protection de l&rsquo;environnement se sont retrouv\u00e9s \u00e0 la plage de Lom\u00e9 pour la nettoyer en ramassant lors d&rsquo;une course [&hellip;]<\/p>\n","protected":false},"author":2,"featured_media":6597,"comment_status":"open","ping_status":"open","sticky":false,"template":"","format":"video","meta":{"ec_post_video":"https:\/\/m.youtube.com\/watch?v=t5d1mxyA8gM"},"categories":[2],"tags":[1402,1586,1585],"odd":[605,609],"_links":{"self":[{"href":"https:\/\/www.ecoconscience.tv\/api\/wp\/v2\/posts\/6596"}],"collection":[{"href":"https:\/\/www.ecoconscience.tv\/api\/wp\/v2\/posts"}],"about":[{"href":"https:\/\/www.ecoconscience.tv\/api\/wp\/v2\/types\/post"}],"author":[{"embeddable":true,"href":"https:\/\/www.ecoconscience.tv\/api\/wp\/v2\/users\/2"}],"replies":[{"embeddable":true,"href":"https:\/\/www.ecoconscience.tv\/api\/wp\/v2\/comments?post=6596"}],"version-history":[{"count":1,"href":"https:\/\/www.ecoconscience.tv\/api\/wp\/v2\/posts\/6596\/revisions"}],"predecessor-version":[{"id":6598,"href":"https:\/\/www.ecoconscience.tv\/api\/wp\/v2\/posts\/6596\/revisions\/6598"}],"wp:featuredmedia":[{"embeddable":true,"href":"https:\/\/www.ecoconscience.tv\/api\/wp\/v2\/media\/6597"}],"wp:attachment":[{"href":"https:\/\/www.ecoconscience.tv\/api\/wp\/v2\/media?parent=6596"}],"wp:term":[{"taxonomy":"category","embeddable":true,"href":"https:\/\/www.ecoconscience.tv\/api\/wp\/v2\/categories?post=6596"},{"taxonomy":"post_tag","embeddable":true,"href":"https:\/\/www.ecoconscience.tv\/api\/wp\/v2\/tags?post=6596"},{"taxonomy":"odd","embeddable":true,"href":"https:\/\/www.ecoconscience.tv\/api\/wp\/v2\/odd?post=6596"}],"curies":[{"name":"wp","href":"https:\/\/api.w.org\/{rel}","templated":true}]}}