{"id":6592,"date":"2018-09-29T18:27:59","date_gmt":"2018-09-29T18:27:59","guid":{"rendered":"https:\/\/www.ecoconscience.tv\/?p=6592"},"modified":"2018-09-29T18:28:49","modified_gmt":"2018-09-29T18:28:49","slug":"dfc-campagne-nationale-sur-le-civisme","status":"publish","type":"post","link":"https:\/\/www.ecoconscience.tv\/dfc-campagne-nationale-sur-le-civisme\/","title":{"rendered":"DFC: Plus de 2 000 personnes  touch\u00e9es par la campagne nationale sur le civisme"},"content":{"rendered":"<p>La campagne nationale de formation des jeunes et femmes leaders sur le civisme et la citoyennet\u00e9 d\u00e9marr\u00e9e en ao\u00fbt dernier par le minist\u00e8re en charge de la formation civique a connu son apoth\u00e9ose ce 27 septembre 2018 \u00e0 Lom\u00e9.<\/p>\n<p>Les s\u00e9ances de sensibilisation organis\u00e9es dans toutes les pr\u00e9fectures du pays ont eu pour r\u00f4le, l&rsquo;impression des valeurs morales et d\u00e9mocratiques dans l&rsquo;esprit des populations en vue de faire de celles-ci de bons citoyens \u00e0 m\u00eame de distinguer leurs droits et devoirs, a rappel\u00e9 Parfait Talim, Directeur de la Formation Civique.<\/p>\n<p>Les d\u00e9tails de cette ultime s\u00e9ance de formation dans le reportage.<\/p>\n<p>C. A<\/p>\n","protected":false},"excerpt":{"rendered":"<p>La campagne nationale de formation des jeunes et femmes leaders sur le civisme et la citoyennet\u00e9 d\u00e9marr\u00e9e en ao\u00fbt dernier par le minist\u00e8re en charge de la formation civique a connu son apoth\u00e9ose ce 27 septembre 2018 \u00e0 Lom\u00e9. Les s\u00e9ances de sensibilisation organis\u00e9es dans toutes les pr\u00e9fectures du pays ont eu pour r\u00f4le, l&rsquo;impression [&hellip;]<\/p>\n","protected":false},"author":2,"featured_media":6593,"comment_status":"open","ping_status":"open","sticky":false,"template":"","format":"video","meta":{"ec_post_video":"https:\/\/m.youtube.com\/watch?v=rLPusr2WKSQ"},"categories":[372],"tags":[1583,1581,1582,1584],"odd":[613],"_links":{"self":[{"href":"https:\/\/www.ecoconscience.tv\/api\/wp\/v2\/posts\/6592"}],"collection":[{"href":"https:\/\/www.ecoconscience.tv\/api\/wp\/v2\/posts"}],"about":[{"href":"https:\/\/www.ecoconscience.tv\/api\/wp\/v2\/types\/post"}],"author":[{"embeddable":true,"href":"https:\/\/www.ecoconscience.tv\/api\/wp\/v2\/users\/2"}],"replies":[{"embeddable":true,"href":"https:\/\/www.ecoconscience.tv\/api\/wp\/v2\/comments?post=6592"}],"version-history":[{"count":2,"href":"https:\/\/www.ecoconscience.tv\/api\/wp\/v2\/posts\/6592\/revisions"}],"predecessor-version":[{"id":6595,"href":"https:\/\/www.ecoconscience.tv\/api\/wp\/v2\/posts\/6592\/revisions\/6595"}],"wp:featuredmedia":[{"embeddable":true,"href":"https:\/\/www.ecoconscience.tv\/api\/wp\/v2\/media\/6593"}],"wp:attachment":[{"href":"https:\/\/www.ecoconscience.tv\/api\/wp\/v2\/media?parent=6592"}],"wp:term":[{"taxonomy":"category","embeddable":true,"href":"https:\/\/www.ecoconscience.tv\/api\/wp\/v2\/categories?post=6592"},{"taxonomy":"post_tag","embeddable":true,"href":"https:\/\/www.ecoconscience.tv\/api\/wp\/v2\/tags?post=6592"},{"taxonomy":"odd","embeddable":true,"href":"https:\/\/www.ecoconscience.tv\/api\/wp\/v2\/odd?post=6592"}],"curies":[{"name":"wp","href":"https:\/\/api.w.org\/{rel}","templated":true}]}}