{"id":6576,"date":"2018-09-19T18:47:45","date_gmt":"2018-09-19T18:47:45","guid":{"rendered":"https:\/\/www.ecoconscience.tv\/?p=6576"},"modified":"2018-09-19T18:48:59","modified_gmt":"2018-09-19T18:48:59","slug":"fabrice-ebeh-dresse-bilan-1ere-phase-du-ppajlc","status":"publish","type":"post","link":"https:\/\/www.ecoconscience.tv\/fabrice-ebeh-dresse-bilan-1ere-phase-du-ppajlc\/","title":{"rendered":"Fabrice Ebeh dresse un bilan positif de la 1\u00e8re phase de mise en oeuvre du PPAJLC"},"content":{"rendered":"<p>Apr\u00e8s un an de mise en oeuvre du \u00ab\u00a0Projet Pilote d&rsquo;Action en Justice pour Lutter contre la Corruption au Togo\u00a0\u00bb initi\u00e9 par l&rsquo;ONG Alliance Nationale des Consommations et de l&rsquo;Environnement (ANCE-Togo), avec l&rsquo;appui financier de la d\u00e9l\u00e9gation de l&rsquo;Union Europ\u00e9enne, Fabrice Ebeh, le Directeur Ex\u00e9cutif de ladite ONG, aussi contact national de Transparency International au Togo a bien voulu r\u00e9pondre \u00e0 nos questions sur le bilan de cette premi\u00e8re phase du projet qui est boucl\u00e9e. En outre, a-t-il eu \u00e0 se prononcer dans cet entretien, sur le bien fond\u00e9 de la vaste campagne nationale qui vient \u00e0 peine d&rsquo;\u00eatre lanc\u00e9e par le premier ministre, Komi S\u00e9lom Klassou dans le compte de la Haute Autorit\u00e9 de Pr\u00e9vention et de Lutte contre La Corruption et les Infractions Assimil\u00e9es (HAPLUCIA).<\/p>\n<p>Suivez plut\u00f4t en int\u00e9gralit\u00e9 l&rsquo;entretien.<\/p>\n<p>La r\u00e9daction<\/p>\n","protected":false},"excerpt":{"rendered":"<p>Apr\u00e8s un an de mise en oeuvre du \u00ab\u00a0Projet Pilote d&rsquo;Action en Justice pour Lutter contre la Corruption au Togo\u00a0\u00bb initi\u00e9 par l&rsquo;ONG Alliance Nationale des Consommations et de l&rsquo;Environnement (ANCE-Togo), avec l&rsquo;appui financier de la d\u00e9l\u00e9gation de l&rsquo;Union Europ\u00e9enne, Fabrice Ebeh, le Directeur Ex\u00e9cutif de ladite ONG, aussi contact national de Transparency International au [&hellip;]<\/p>\n","protected":false},"author":2,"featured_media":6578,"comment_status":"open","ping_status":"open","sticky":false,"template":"","format":"video","meta":{"ec_post_video":"https:\/\/m.youtube.com\/watch?v=-2WLCCHVxgc"},"categories":[3],"tags":[],"odd":[613],"_links":{"self":[{"href":"https:\/\/www.ecoconscience.tv\/api\/wp\/v2\/posts\/6576"}],"collection":[{"href":"https:\/\/www.ecoconscience.tv\/api\/wp\/v2\/posts"}],"about":[{"href":"https:\/\/www.ecoconscience.tv\/api\/wp\/v2\/types\/post"}],"author":[{"embeddable":true,"href":"https:\/\/www.ecoconscience.tv\/api\/wp\/v2\/users\/2"}],"replies":[{"embeddable":true,"href":"https:\/\/www.ecoconscience.tv\/api\/wp\/v2\/comments?post=6576"}],"version-history":[{"count":2,"href":"https:\/\/www.ecoconscience.tv\/api\/wp\/v2\/posts\/6576\/revisions"}],"predecessor-version":[{"id":6580,"href":"https:\/\/www.ecoconscience.tv\/api\/wp\/v2\/posts\/6576\/revisions\/6580"}],"wp:featuredmedia":[{"embeddable":true,"href":"https:\/\/www.ecoconscience.tv\/api\/wp\/v2\/media\/6578"}],"wp:attachment":[{"href":"https:\/\/www.ecoconscience.tv\/api\/wp\/v2\/media?parent=6576"}],"wp:term":[{"taxonomy":"category","embeddable":true,"href":"https:\/\/www.ecoconscience.tv\/api\/wp\/v2\/categories?post=6576"},{"taxonomy":"post_tag","embeddable":true,"href":"https:\/\/www.ecoconscience.tv\/api\/wp\/v2\/tags?post=6576"},{"taxonomy":"odd","embeddable":true,"href":"https:\/\/www.ecoconscience.tv\/api\/wp\/v2\/odd?post=6576"}],"curies":[{"name":"wp","href":"https:\/\/api.w.org\/{rel}","templated":true}]}}