{"id":6570,"date":"2018-09-19T06:09:52","date_gmt":"2018-09-19T06:09:52","guid":{"rendered":"https:\/\/www.ecoconscience.tv\/?p=6570"},"modified":"2018-09-19T06:13:51","modified_gmt":"2018-09-19T06:13:51","slug":"l-aym-hub-togo-officiellement-lancee","status":"publish","type":"post","link":"https:\/\/www.ecoconscience.tv\/l-aym-hub-togo-officiellement-lancee\/","title":{"rendered":"L&rsquo; AYM Hub Togo officiellement lanc\u00e9e"},"content":{"rendered":"<p>C&rsquo;est avec \u00ab\u00a0Entraves et impacts de la libre circulation des personnes et des biens sur le d\u00e9veloppement de l&rsquo;espace CEDEAO\u00a0\u00bb comme th\u00e8me, que la branche togolaise d&rsquo;Afrika Youth Movement Hub Togo (AYM hub Togo) s&rsquo;est officiellement r\u00e9v\u00e9l\u00e9e \u00e0 l&rsquo;opinion nationale togolaise. C&rsquo;\u00e9tait le 12 septembre dernier lors d&rsquo;une conf\u00e9rence publique qui a r\u00e9uni plusieurs jeunes de diff\u00e9rentes associations de d\u00e9fense de droits humains. Le but de AYM Hub Togo, c&rsquo;est de (&#8230;)<\/p>\n<p>La suite \u00e0 suivre dans le reportage<\/p>\n<p>C. A<\/p>\n","protected":false},"excerpt":{"rendered":"<p>C&rsquo;est avec \u00ab\u00a0Entraves et impacts de la libre circulation des personnes et des biens sur le d\u00e9veloppement de l&rsquo;espace CEDEAO\u00a0\u00bb comme th\u00e8me, que la branche togolaise d&rsquo;Afrika Youth Movement Hub Togo (AYM hub Togo) s&rsquo;est officiellement r\u00e9v\u00e9l\u00e9e \u00e0 l&rsquo;opinion nationale togolaise. C&rsquo;\u00e9tait le 12 septembre dernier lors d&rsquo;une conf\u00e9rence publique qui a r\u00e9uni plusieurs jeunes [&hellip;]<\/p>\n","protected":false},"author":2,"featured_media":6571,"comment_status":"open","ping_status":"open","sticky":false,"template":"","format":"video","meta":{"ec_post_video":"https:\/\/m.youtube.com\/watch?v=89CXWwQ20n0"},"categories":[2],"tags":[],"odd":[613],"_links":{"self":[{"href":"https:\/\/www.ecoconscience.tv\/api\/wp\/v2\/posts\/6570"}],"collection":[{"href":"https:\/\/www.ecoconscience.tv\/api\/wp\/v2\/posts"}],"about":[{"href":"https:\/\/www.ecoconscience.tv\/api\/wp\/v2\/types\/post"}],"author":[{"embeddable":true,"href":"https:\/\/www.ecoconscience.tv\/api\/wp\/v2\/users\/2"}],"replies":[{"embeddable":true,"href":"https:\/\/www.ecoconscience.tv\/api\/wp\/v2\/comments?post=6570"}],"version-history":[{"count":2,"href":"https:\/\/www.ecoconscience.tv\/api\/wp\/v2\/posts\/6570\/revisions"}],"predecessor-version":[{"id":6573,"href":"https:\/\/www.ecoconscience.tv\/api\/wp\/v2\/posts\/6570\/revisions\/6573"}],"wp:featuredmedia":[{"embeddable":true,"href":"https:\/\/www.ecoconscience.tv\/api\/wp\/v2\/media\/6571"}],"wp:attachment":[{"href":"https:\/\/www.ecoconscience.tv\/api\/wp\/v2\/media?parent=6570"}],"wp:term":[{"taxonomy":"category","embeddable":true,"href":"https:\/\/www.ecoconscience.tv\/api\/wp\/v2\/categories?post=6570"},{"taxonomy":"post_tag","embeddable":true,"href":"https:\/\/www.ecoconscience.tv\/api\/wp\/v2\/tags?post=6570"},{"taxonomy":"odd","embeddable":true,"href":"https:\/\/www.ecoconscience.tv\/api\/wp\/v2\/odd?post=6570"}],"curies":[{"name":"wp","href":"https:\/\/api.w.org\/{rel}","templated":true}]}}