{"id":6351,"date":"2018-08-28T07:50:31","date_gmt":"2018-08-28T07:50:31","guid":{"rendered":"https:\/\/www.ecoconscience.net\/?p=6260"},"modified":"2018-08-28T07:50:31","modified_gmt":"2018-08-28T07:50:31","slug":"lampleur-de-la-crise-planetaire-demande-une-action-de-meme-envergure-la-solution-est-le-changement-de-systeme","status":"publish","type":"post","link":"https:\/\/www.ecoconscience.tv\/lampleur-de-la-crise-planetaire-demande-une-action-de-meme-envergure-la-solution-est-le-changement-de-systeme\/","title":{"rendered":"L\u2019ampleur de la crise plan\u00e9taire demande une action de m\u00eame envergure ; la solution est le changement de syst\u00e8me"},"content":{"rendered":"<p>Nous nous retrouvons devant une crise climatique, sociale et environnementale profond\u00e9ment enracin\u00e9e. Le syst\u00e8me \u00e9conomique dominant ne peut pas r\u00e9soudre ce probl\u00e8me. Il est temps de le changer.<\/p>\n<blockquote><p><strong>Pour <a href=\"https:\/\/www.foei.org\/fr\/\" target=\"_blank\" rel=\"noopener\">les Amis de la Terre International<\/a>, cela comporte de cr\u00e9er des soci\u00e9t\u00e9s fond\u00e9es sur la souverainet\u00e9 des peuples et sur la justice environnementale, sociale, \u00e9conomique et de genre. Nous devons mettre en question et d\u00e9molir la logique capitaliste de l\u2019accumulation.<\/strong><\/p><\/blockquote>\n<p>La catastrophe climatique s\u2019entrelace avec de nombreuses crises sociales et environnementales, qui comprennent l\u2019oppression, le pouvoir des transnationales, la faim, l\u2019\u00e9puisement des r\u00e9serves d\u2019eau, la diminution de la biodiversit\u00e9 et la d\u00e9forestation. Au c\u0153ur de cette catastrophe se trouve un syst\u00e8me \u00e9conomique inviable, dont le seul but est la croissance et les profits continuels. Ce syst\u00e8me concentre la richesse, le pouvoir et des privil\u00e8ges scandaleux en quelques-uns. Il donne aux grandes entreprises et aux \u00e9lites nationales le pouvoir d\u2019exploiter impun\u00e9ment les gens et leurs moyens d\u2019existence.<br \/>\nNous devons nous attaquer au changement climatique et aux crises environnementales et sociales dont il s\u2019accompagne en prenant des mesures rapides et audacieuses pour en combattre les causes profondes, la privatisation, la financiarisation et la marchandisation de la nature et des soci\u00e9t\u00e9s, et les syst\u00e8mes de production et de consommation non durables.<\/p>\n<blockquote><p><strong>L\u2019ampleur de ces crises exige un changement de syst\u00e8me.<\/strong><\/p><\/blockquote>\n<p>Le changement de syst\u00e8me entra\u00eenera la cr\u00e9ation de soci\u00e9t\u00e9s durables et de nouveaux rapports entre les \u00eatres humains, et entre ces derniers et la nature, fond\u00e9s sur l\u2019\u00e9galit\u00e9 et la r\u00e9ciprocit\u00e9. Or, nous ne pourrons pas cr\u00e9er ces soci\u00e9t\u00e9s et faire respecter les droits des personnes sans augmenter le pouvoir populaire. Nous devons reconqu\u00e9rir la politique, en cr\u00e9ant des d\u00e9mocraties authentiques, radicales et justes, centr\u00e9es sur la souverainet\u00e9 et la participation des peuples. La l\u00e9gislation internationale doit faire passer les gens avant les profits des entreprises, en adoptant des normes et des m\u00e9canismes contraignants qui garantissent l\u2019acc\u00e8s \u00e0 la justice pour les victimes des transnationales.<br \/>\nLe changement de syst\u00e8me requiert une articulation des luttes contre l\u2019oppression, c\u2019est-\u00e0-dire contre le patriarcat, le racisme, le colonialisme et l\u2019exploitation capitaliste et classiste. Il exige de s\u2019engager \u00e0 lutter contre l\u2019exploitation du travail et des corps des femmes. Nous constatons que l\u2019expansion du capitalisme sur les territoires se solde par davantage de violence contre les femmes et par la violation de leurs droits. La justice de genre ne sera possible qu\u2019en reconnaissant que les femmes sont des sujets politiques, en mettant fin \u00e0 la violence contre elles, en renfor\u00e7ant leur autonomie, en promouvant les principes de l\u2019\u00e9conomie f\u00e9ministe, en \u00e9liminant la division sexuelle du travail et en r\u00e9organisant les responsabilit\u00e9s familiales.<br \/>\nPour changer le syst\u00e8me, il est essentiel de transformer le syst\u00e8me \u00e9nerg\u00e9tique. Cette transformation implique de r\u00e9pondre \u00e0 deux questions fondamentales : pour qui produit-on de l\u2019\u00e9nergie, et pour quoi faire ? Elle implique aussi de supprimer tout \u00e0 fait la d\u00e9pendance des combustibles fossiles et le contr\u00f4le exerc\u00e9 par les grandes entreprises. La transition doit \u00eatre juste, fond\u00e9e sur les droits des travailleurs et des peuples. Elle ne consiste pas seulement \u00e0 changer les technologies et \u00e0 se tourner vers les \u00e9nergies renouvelables : il faut que l\u2019\u00e9nergie appartienne et soit contr\u00f4l\u00e9e par la communaut\u00e9, afin de r\u00e9soudre les probl\u00e8mes de fond d\u2019un syst\u00e8me qui fait de l\u2019\u00e9nergie une marchandise et qui nie que tout le monde y a droit. La transformation doit \u00eatre juste et \u00e9quitable, surtout pour ceux qui subissent d\u00e9j\u00e0 les effets du changement climatique dans les pays du Sud.<br \/>\nUn changement de syst\u00e8me authentique transformerait radicalement le syst\u00e8me alimentaire en faveur de la souverainet\u00e9 alimentaire et l\u2019agro\u00e9cologie : en valorisant les connaissances locales, en promouvant la justice \u00e9conomique et sociale et le contr\u00f4le des territoires par les peuples, en garantissant le droit \u00e0 la terre, \u00e0 l\u2019eau et aux semences, en encourageant des relations sociales fond\u00e9es sur la justice et la solidarit\u00e9 et en reconnaissant le r\u00f4le essentiel que jouent les femmes dans la production alimentaire, ce changement de syst\u00e8me fournirait un moyen efficace de nourrir le monde et de contrebalancer l\u2019agriculture industrielle destructrice.<br \/>\nLes for\u00eats et la biodiversit\u00e9 sont mieux prot\u00e9g\u00e9es par les populations qui les habitent. La protection des for\u00eats peut contribuer \u00e0 r\u00e9soudre le probl\u00e8me du changement climatique : les r\u00e9servoirs naturels de carbone seraient pr\u00e9serv\u00e9s et le volume de carbone lib\u00e9r\u00e9 par le d\u00e9boisement diminuerait, tandis que les communaut\u00e9s disposeraient d\u2019aliments, de fibres, d\u2019abri, d\u2019eau et de m\u00e9dicaments. Seuls huit pour cent des for\u00eats du monde sont g\u00e9r\u00e9s par la population ; il est vital d\u2019obtenir que les communaut\u00e9s aient des droits sur les for\u00eats et les moyens d\u2019existence.<br \/>\nLe changement de syst\u00e8me doit r\u00e9pondre aux besoins individuels et collectifs et promouvoir la r\u00e9ciprocit\u00e9, la redistribution et le partage. Les solutions consistent \u00e0 offrir des services publics pour tous gr\u00e2ce \u00e0 la justice fiscale, \u00e0 d\u00e9velopper la propri\u00e9t\u00e9 sociale et le coop\u00e9rativisme, les march\u00e9s locaux et le commerce \u00e9quitable, et \u00e0 accorder de la valeur au bien-\u00eatre des gens et de la plan\u00e8te. Partout, les gens sont en train d\u2019exp\u00e9rimenter ou de mettre en pratique des milliers d\u2019initiatives qui incarnent la justice et qui d\u00e9fient la logique capitaliste. Il faut maintenant \u00e9tendre ces initiatives. Cela n\u00e9cessite des politiques publiques nationales et internationales de m\u00eame mesure, qui habilitent la population \u00e0 lutter pour un \u00c9tat d\u00e9mocratique garant des droits et fournissant des services publics justes du point de vue social et environnemental ; un \u00c9tat qui garantisse les droits des peuples \u00e0 l\u2019eau, \u00e0 la terre et aux territoires, \u00e0 l\u2019alimentation, la sant\u00e9, l\u2019\u00e9ducation, le logement et le travail d\u00e9cent.<br \/>\nNous devons tous soutenir la r\u00e9sistance locale et internationale, participer \u00e0 la mobilisation populaire, lutter pour une modification de la politique g\u00e9n\u00e9rale et d\u00e9velopper les solutions v\u00e9ritables, celles du peuple. C\u2019est l\u00e0 que r\u00e9side le changement de syst\u00e8me.<br \/>\n<em><strong>Par Karin Nansen<\/strong><\/em><\/p>\n","protected":false},"excerpt":{"rendered":"<p>Nous nous retrouvons devant une crise climatique, sociale et environnementale profond\u00e9ment enracin\u00e9e. Le syst\u00e8me \u00e9conomique dominant ne peut pas r\u00e9soudre ce probl\u00e8me. Il est temps de le changer. Pour les Amis de la Terre International, cela comporte de cr\u00e9er des soci\u00e9t\u00e9s fond\u00e9es sur la souverainet\u00e9 des peuples et sur la justice environnementale, sociale, \u00e9conomique et [&hellip;]<\/p>\n","protected":false},"author":2,"featured_media":6446,"comment_status":"open","ping_status":"open","sticky":false,"template":"","format":"standard","meta":{"ec_post_video":""},"categories":[372],"tags":[],"odd":[607],"_links":{"self":[{"href":"https:\/\/www.ecoconscience.tv\/api\/wp\/v2\/posts\/6351"}],"collection":[{"href":"https:\/\/www.ecoconscience.tv\/api\/wp\/v2\/posts"}],"about":[{"href":"https:\/\/www.ecoconscience.tv\/api\/wp\/v2\/types\/post"}],"author":[{"embeddable":true,"href":"https:\/\/www.ecoconscience.tv\/api\/wp\/v2\/users\/2"}],"replies":[{"embeddable":true,"href":"https:\/\/www.ecoconscience.tv\/api\/wp\/v2\/comments?post=6351"}],"version-history":[{"count":0,"href":"https:\/\/www.ecoconscience.tv\/api\/wp\/v2\/posts\/6351\/revisions"}],"wp:featuredmedia":[{"embeddable":true,"href":"https:\/\/www.ecoconscience.tv\/api\/wp\/v2\/media\/6446"}],"wp:attachment":[{"href":"https:\/\/www.ecoconscience.tv\/api\/wp\/v2\/media?parent=6351"}],"wp:term":[{"taxonomy":"category","embeddable":true,"href":"https:\/\/www.ecoconscience.tv\/api\/wp\/v2\/categories?post=6351"},{"taxonomy":"post_tag","embeddable":true,"href":"https:\/\/www.ecoconscience.tv\/api\/wp\/v2\/tags?post=6351"},{"taxonomy":"odd","embeddable":true,"href":"https:\/\/www.ecoconscience.tv\/api\/wp\/v2\/odd?post=6351"}],"curies":[{"name":"wp","href":"https:\/\/api.w.org\/{rel}","templated":true}]}}