{"id":6350,"date":"2018-08-24T17:56:35","date_gmt":"2018-08-24T17:56:35","guid":{"rendered":"https:\/\/www.ecoconscience.net\/?p=6256"},"modified":"2018-08-24T17:56:35","modified_gmt":"2018-08-24T17:56:35","slug":"com-int-e-s-togo-vers-une-plateforme-de-journalistes-dinvestigation-dans-le-secteur-minier","status":"publish","type":"post","link":"https:\/\/www.ecoconscience.tv\/com-int-e-s-togo-vers-une-plateforme-de-journalistes-dinvestigation-dans-le-secteur-minier\/","title":{"rendered":"COM.INT.E.S\/Togo: vers une plateforme de journalistes d&#039;investigation dans le secteur minier"},"content":{"rendered":"<p>Au nom du \u00abDialogue des parties prenantes autour des droits fondamentaux des communaut\u00e9s des zones mini\u00e8res au Togo\u00bb, un projet du Comit\u00e9 International d&rsquo;Ethique et de Solidarit\u00e9 (COM.INT.E.S) financ\u00e9 pour l&rsquo;Union europ\u00e9enne, une vingtaine de journalistes est en formation depuis ce jeudi 24 ao\u00fbt 2018 \u00e0 Lom\u00e9, en journalisme d&rsquo;investigation en lien avec les projets miniers.<br \/>\nIl s&rsquo;agit en r\u00e9alit\u00e9, de sp\u00e9cialiser les professionnels de m\u00e9dias pr\u00e9sents, la plupart venus des r\u00e9gions mini\u00e8res du Togo dans le secteur minier afin qu&rsquo;ils puissent convenablement d\u00e9fendre et divulguer les normes du processus de l&rsquo;Initiative pour la Transparence dans les Industries Extractives (ITIE).<br \/>\nLes d\u00e9tails \u00e0 suivre dans le Reportage<br \/>\nC. A<\/p>\n","protected":false},"excerpt":{"rendered":"<p>Au nom du \u00abDialogue des parties prenantes autour des droits fondamentaux des communaut\u00e9s des zones mini\u00e8res au Togo\u00bb, un projet du Comit\u00e9 International d&rsquo;Ethique et de Solidarit\u00e9 (COM.INT.E.S) financ\u00e9 pour l&rsquo;Union europ\u00e9enne, une vingtaine de journalistes est en formation depuis ce jeudi 24 ao\u00fbt 2018 \u00e0 Lom\u00e9, en journalisme d&rsquo;investigation en lien avec les projets [&hellip;]<\/p>\n","protected":false},"author":2,"featured_media":6444,"comment_status":"open","ping_status":"open","sticky":false,"template":"","format":"standard","meta":{"ec_post_video":"https:\/\/m.youtube.com\/watch?v=ra-h8D_1Okc"},"categories":[2],"tags":[],"odd":[597],"_links":{"self":[{"href":"https:\/\/www.ecoconscience.tv\/api\/wp\/v2\/posts\/6350"}],"collection":[{"href":"https:\/\/www.ecoconscience.tv\/api\/wp\/v2\/posts"}],"about":[{"href":"https:\/\/www.ecoconscience.tv\/api\/wp\/v2\/types\/post"}],"author":[{"embeddable":true,"href":"https:\/\/www.ecoconscience.tv\/api\/wp\/v2\/users\/2"}],"replies":[{"embeddable":true,"href":"https:\/\/www.ecoconscience.tv\/api\/wp\/v2\/comments?post=6350"}],"version-history":[{"count":0,"href":"https:\/\/www.ecoconscience.tv\/api\/wp\/v2\/posts\/6350\/revisions"}],"wp:featuredmedia":[{"embeddable":true,"href":"https:\/\/www.ecoconscience.tv\/api\/wp\/v2\/media\/6444"}],"wp:attachment":[{"href":"https:\/\/www.ecoconscience.tv\/api\/wp\/v2\/media?parent=6350"}],"wp:term":[{"taxonomy":"category","embeddable":true,"href":"https:\/\/www.ecoconscience.tv\/api\/wp\/v2\/categories?post=6350"},{"taxonomy":"post_tag","embeddable":true,"href":"https:\/\/www.ecoconscience.tv\/api\/wp\/v2\/tags?post=6350"},{"taxonomy":"odd","embeddable":true,"href":"https:\/\/www.ecoconscience.tv\/api\/wp\/v2\/odd?post=6350"}],"curies":[{"name":"wp","href":"https:\/\/api.w.org\/{rel}","templated":true}]}}