{"id":6349,"date":"2018-08-22T09:18:00","date_gmt":"2018-08-22T09:18:00","guid":{"rendered":"https:\/\/www.ecoconscience.net\/?p=6248"},"modified":"2023-06-20T09:12:52","modified_gmt":"2023-06-20T09:12:52","slug":"projet-de-developpement-vision-2030-du-canton-de-landa-details-avec-notre-invitee-fanny-ragot","status":"publish","type":"post","link":"https:\/\/www.ecoconscience.tv\/projet-de-developpement-vision-2030-du-canton-de-landa-details-avec-notre-invitee-fanny-ragot\/","title":{"rendered":"Projet de d\u00e9veloppement &quot;Vision 2030 du canton de Landa&quot; : d\u00e9tails avec notre invit\u00e9e Fanny Ragot"},"content":{"rendered":"<p>Bienvenus dans l&rsquo;Emission <strong>\u00c9COLOGIE ET CONSCIENCE<\/strong>.<br \/>\nDans ce nouveau num\u00e9ro, en exclusivit\u00e9, votre chaine #ECTV vous fait d\u00e9couvrir les grands axes d\u2019un projet ambitieux de d\u00e9veloppement communautaire dans le canton de Landa, une localit\u00e9 rurale situ\u00e9e \u00e0 16 km de la ville de kara, dans la pr\u00e9fecture de la kozah au nord du Togo.<br \/>\nDe l\u2019initiative d\u2019une ONG locale soutenue par les cadres du milieux et gr\u00e2ce \u00e0 des appuis des partenaires techniques internationaux, le canton se dote d\u2019un \u00ab\u00a0plan de d\u00e9veloppement cantonal\u00a0\u00bb et d\u2019une vision \u00e0 long terme d\u00e9nomm\u00e9e \u00ab\u00a0vision 2030 de Landa\u00a0\u00bb<br \/>\nNotre invit\u00e9e Fanny Ragot, qui est une jeune fran\u00e7aise volontaire en fin d\u2019\u00e9tude en SciencePo et arriv\u00e9e pour la premi\u00e8re fois au #Togo il y a 6 mois, a s\u00e9journ\u00e9 \u00e0 Landa et a travaill\u00e9 sur ledit projet.<br \/>\nIci, elle partage avec nous les grandes lignes du projet et ses exp\u00e9riences lors de son s\u00e9jour.<br \/>\nSuivez plut\u00f4t&#8230;<\/p>\n","protected":false},"excerpt":{"rendered":"<p>Bienvenus dans l&rsquo;Emission \u00c9COLOGIE ET CONSCIENCE. Dans ce nouveau num\u00e9ro, en exclusivit\u00e9, votre chaine #ECTV vous fait d\u00e9couvrir les grands axes d\u2019un projet ambitieux de d\u00e9veloppement communautaire dans le canton de Landa, une localit\u00e9 rurale situ\u00e9e \u00e0 16 km de la ville de kara, dans la pr\u00e9fecture de la kozah au nord du Togo. De [&hellip;]<\/p>\n","protected":false},"author":2,"featured_media":6443,"comment_status":"open","ping_status":"open","sticky":false,"template":"","format":"standard","meta":{"ec_post_video":"https:\/\/www.youtube.com\/watch?v=vHPWZs1Rowc"},"categories":[1190,5],"tags":[1174,1404,1178,15,1490],"odd":[615],"_links":{"self":[{"href":"https:\/\/www.ecoconscience.tv\/api\/wp\/v2\/posts\/6349"}],"collection":[{"href":"https:\/\/www.ecoconscience.tv\/api\/wp\/v2\/posts"}],"about":[{"href":"https:\/\/www.ecoconscience.tv\/api\/wp\/v2\/types\/post"}],"author":[{"embeddable":true,"href":"https:\/\/www.ecoconscience.tv\/api\/wp\/v2\/users\/2"}],"replies":[{"embeddable":true,"href":"https:\/\/www.ecoconscience.tv\/api\/wp\/v2\/comments?post=6349"}],"version-history":[{"count":2,"href":"https:\/\/www.ecoconscience.tv\/api\/wp\/v2\/posts\/6349\/revisions"}],"predecessor-version":[{"id":11197,"href":"https:\/\/www.ecoconscience.tv\/api\/wp\/v2\/posts\/6349\/revisions\/11197"}],"wp:featuredmedia":[{"embeddable":true,"href":"https:\/\/www.ecoconscience.tv\/api\/wp\/v2\/media\/6443"}],"wp:attachment":[{"href":"https:\/\/www.ecoconscience.tv\/api\/wp\/v2\/media?parent=6349"}],"wp:term":[{"taxonomy":"category","embeddable":true,"href":"https:\/\/www.ecoconscience.tv\/api\/wp\/v2\/categories?post=6349"},{"taxonomy":"post_tag","embeddable":true,"href":"https:\/\/www.ecoconscience.tv\/api\/wp\/v2\/tags?post=6349"},{"taxonomy":"odd","embeddable":true,"href":"https:\/\/www.ecoconscience.tv\/api\/wp\/v2\/odd?post=6349"}],"curies":[{"name":"wp","href":"https:\/\/api.w.org\/{rel}","templated":true}]}}