{"id":6339,"date":"2018-07-25T21:50:38","date_gmt":"2018-07-25T21:50:38","guid":{"rendered":"https:\/\/www.ecoconscience.net\/?p=6197"},"modified":"2018-07-25T21:50:38","modified_gmt":"2018-07-25T21:50:38","slug":"quel-est-ton-reve-quel-est-ton-wakanda-theme-de-la-1ere-journee-de-lafro-futurisme-a-lome","status":"publish","type":"post","link":"https:\/\/www.ecoconscience.tv\/quel-est-ton-reve-quel-est-ton-wakanda-theme-de-la-1ere-journee-de-lafro-futurisme-a-lome\/","title":{"rendered":"&quot;Quel est ton r\u00eave, quel est ton Wakanda ? &quot;, th\u00e8me de la 1\u00e8re journ\u00e9e de l&#039;Afro futurisme \u00e0 Lom\u00e9"},"content":{"rendered":"<p>De l&rsquo;id\u00e9e selon laquelle les solutions aux probl\u00e8mes de l&rsquo;humanit\u00e9 se trouvent dans la culture, les traditions et l&rsquo;ing\u00e9niosit\u00e9 de l&rsquo;Afrique, des voix s&rsquo;\u00e9l\u00e8vent d\u00e9sormais sur le continent noir afin d&rsquo;\u00e9veiller les consciences sur l&rsquo;importance de valoriser les valeurs et cultures locales pour son d\u00e9veloppement. C&rsquo;est dans ce contexte que s&rsquo;est tenue pour la premi\u00e8re fois ce mercredi 25 juillet \u00e0 Lom\u00e9, la journ\u00e9e de l&rsquo;Afro futurisme autour du th\u00e8me, \u00a0\u00bb quel est ton r\u00eave, quel est ton Wakanda ? \u00ab\u00a0.<br \/>\nCe projet port\u00e9 par l&rsquo;Association Tre-Kha et soutenu par l&rsquo;ambassade des \u00c9tats-Unis d&rsquo;Am\u00e9rique au Togo et l&rsquo;Institut Goethe, est con\u00e7u pour&#8230;<br \/>\nLe suite \u00e0 lire dans le reportage&#8230;<br \/>\nR\u00e9daction<\/p>\n","protected":false},"excerpt":{"rendered":"<p>De l&rsquo;id\u00e9e selon laquelle les solutions aux probl\u00e8mes de l&rsquo;humanit\u00e9 se trouvent dans la culture, les traditions et l&rsquo;ing\u00e9niosit\u00e9 de l&rsquo;Afrique, des voix s&rsquo;\u00e9l\u00e8vent d\u00e9sormais sur le continent noir afin d&rsquo;\u00e9veiller les consciences sur l&rsquo;importance de valoriser les valeurs et cultures locales pour son d\u00e9veloppement. C&rsquo;est dans ce contexte que s&rsquo;est tenue pour la premi\u00e8re [&hellip;]<\/p>\n","protected":false},"author":2,"featured_media":6429,"comment_status":"open","ping_status":"open","sticky":false,"template":"","format":"standard","meta":{"ec_post_video":"https:\/\/m.youtube.com\/watch?v=5KF7zLY5ZWo"},"categories":[2],"tags":[],"odd":[],"_links":{"self":[{"href":"https:\/\/www.ecoconscience.tv\/api\/wp\/v2\/posts\/6339"}],"collection":[{"href":"https:\/\/www.ecoconscience.tv\/api\/wp\/v2\/posts"}],"about":[{"href":"https:\/\/www.ecoconscience.tv\/api\/wp\/v2\/types\/post"}],"author":[{"embeddable":true,"href":"https:\/\/www.ecoconscience.tv\/api\/wp\/v2\/users\/2"}],"replies":[{"embeddable":true,"href":"https:\/\/www.ecoconscience.tv\/api\/wp\/v2\/comments?post=6339"}],"version-history":[{"count":0,"href":"https:\/\/www.ecoconscience.tv\/api\/wp\/v2\/posts\/6339\/revisions"}],"wp:featuredmedia":[{"embeddable":true,"href":"https:\/\/www.ecoconscience.tv\/api\/wp\/v2\/media\/6429"}],"wp:attachment":[{"href":"https:\/\/www.ecoconscience.tv\/api\/wp\/v2\/media?parent=6339"}],"wp:term":[{"taxonomy":"category","embeddable":true,"href":"https:\/\/www.ecoconscience.tv\/api\/wp\/v2\/categories?post=6339"},{"taxonomy":"post_tag","embeddable":true,"href":"https:\/\/www.ecoconscience.tv\/api\/wp\/v2\/tags?post=6339"},{"taxonomy":"odd","embeddable":true,"href":"https:\/\/www.ecoconscience.tv\/api\/wp\/v2\/odd?post=6339"}],"curies":[{"name":"wp","href":"https:\/\/api.w.org\/{rel}","templated":true}]}}