{"id":6324,"date":"2018-06-28T22:17:11","date_gmt":"2018-06-28T22:17:11","guid":{"rendered":"https:\/\/www.ecoconscience.net\/?p=6078"},"modified":"2018-06-28T22:17:11","modified_gmt":"2018-06-28T22:17:11","slug":"merf-fao-validation-a-notse-de-rapports-detude-de-valorisation-de-5-pfnl-au-togo","status":"publish","type":"post","link":"https:\/\/www.ecoconscience.tv\/merf-fao-validation-a-notse-de-rapports-detude-de-valorisation-de-5-pfnl-au-togo\/","title":{"rendered":"MERF\/FAO: validation \u00e0 Nots\u00e9 de rapports d&#039;\u00e9tude de valorisation de 5 PFNL au Togo"},"content":{"rendered":"<p>Cinq (05) rapports d&rsquo;\u00e9tude technique et d&rsquo;\u00e9tablissement des cha\u00eenes de valeur sur les fili\u00e8res miel, karit\u00e9, n\u00e9r\u00e9, plantes m\u00e9dicinales et le moringa, toutes reconnues comme des produits forestiers non ligneux (PFNL) ont \u00e9t\u00e9 adopt\u00e9s ce jeudi 28 juin 2018 \u00e0 Nots\u00e9 (91 km au nord de Lom\u00e9). Inscrit dans le projet d&rsquo;appui \u00e0 la valorisation et \u00e0 la modernisation des fili\u00e8res des PFNL au Togo, il est initi\u00e9 par le Minist\u00e8re de l&rsquo;Environnement et des Ressources Foresti\u00e8res (MERF) et financ\u00e9 par la FAO. Il s&rsquo;est agi en r\u00e9alit\u00e9 d&rsquo;apporter des touches aux r\u00e9sultats pr\u00e9sent\u00e9s apr\u00e8s deux visites de terrain des experts recrut\u00e9s pour \u00e9tude sur ces fili\u00e8res, afin qu&rsquo;ils servent de documents officiels pouvant aider \u00e0 leur promotion en faveur des producteurs et des consommateurs .<br \/>\nEn effet, malgr\u00e9 l&rsquo;importance de ces 5 PFNL dans la vie des togolais, ils ne font pas assez objet d&rsquo;une appr\u00e9ciation \u00e0 leur juste valeur dans les initiatives de gestion des ressources naturelles. La validation alors des 5 documents correspondant \u00e0 chaque fili\u00e8re, permettra selon Oyetounde DJIWA, charg\u00e9 de programme \u00e0 la FAO de voir en terme de politiques et strat\u00e9gies au niveau du Togo, le processus par lequel on pourra aller plus loin que ce qui se fait jusque l\u00e0 afin que ces produits puissent contribuer \u00e0 nourrir les populations, mais aussi \u00e0 enrichir les acteurs.<br \/>\n\u00ab\u00a0Les actions \u00e0 mener doivent permettre de conna\u00eetre davantage la disponibilit\u00e9 en terme de produits non ligneux et par ces produits, voir lesquels sont porteurs de richesse. L&rsquo;appui concernera \u00e0 travers cette \u00e9tude de terrain, les questions de potentiel, de transformation et les conditions de qualit\u00e9 \u00a0\u00bb a laiss\u00e9 entendre le coordonnateur du projet, Moussa SAMAROU.<br \/>\nIl est \u00e0 noter que ces 5 PFNL ont \u00e9t\u00e9 s\u00e9lectionn\u00e9s au cours d&rsquo;un atelier tenu en janvier dernier \u00e0 Atakpam\u00e9, comme les plus importants au Togo et pour lesquels la d\u00e9finition de nouvelles perspectives plus respectueuses de leur valeur \u00e9tait n\u00e9cessaire. C&rsquo;est pour cela que d&rsquo;ailleurs \u00e0 l&rsquo;ouverture de l&rsquo;atelier, le pr\u00e9fet de la pr\u00e9fecture de Haho, Awo TCHANGANI a insist\u00e9 sur la contribution \u00e9conomique que ce secteur pourrait apporter au d\u00e9veloppement du pays.<br \/>\nEn ce qui concerne les recommandations formul\u00e9es \u00e0 l&rsquo;issue des travaux, on peut entre autres noter, l&rsquo;encouragement des rencontres sous r\u00e9gionales pour un partage d&rsquo;exp\u00e9rience sur les diff\u00e9rentes fili\u00e8res retenues, la d\u00e9centralisation des laboratoires d&rsquo;analyses agro-alimentaires dans les chefs lieux de r\u00e9gions et aussi, les types d&rsquo;appui \u00e0 donner aux tradipraticiens.<br \/>\nCet atelier de deux jours ( 27 et 28 juin 2018) a r\u00e9uni une soixantaine d&rsquo;acteurs dont des producteurs des 5 PFNL de toutes les r\u00e9gions du Togo, des experts du MERF et des fonctionnaires de la FAO.<br \/>\nC. A<\/p>\n","protected":false},"excerpt":{"rendered":"<p>Cinq (05) rapports d&rsquo;\u00e9tude technique et d&rsquo;\u00e9tablissement des cha\u00eenes de valeur sur les fili\u00e8res miel, karit\u00e9, n\u00e9r\u00e9, plantes m\u00e9dicinales et le moringa, toutes reconnues comme des produits forestiers non ligneux (PFNL) ont \u00e9t\u00e9 adopt\u00e9s ce jeudi 28 juin 2018 \u00e0 Nots\u00e9 (91 km au nord de Lom\u00e9). Inscrit dans le projet d&rsquo;appui \u00e0 la valorisation [&hellip;]<\/p>\n","protected":false},"author":2,"featured_media":6408,"comment_status":"open","ping_status":"open","sticky":false,"template":"","format":"standard","meta":{"ec_post_video":""},"categories":[372],"tags":[],"odd":[611],"_links":{"self":[{"href":"https:\/\/www.ecoconscience.tv\/api\/wp\/v2\/posts\/6324"}],"collection":[{"href":"https:\/\/www.ecoconscience.tv\/api\/wp\/v2\/posts"}],"about":[{"href":"https:\/\/www.ecoconscience.tv\/api\/wp\/v2\/types\/post"}],"author":[{"embeddable":true,"href":"https:\/\/www.ecoconscience.tv\/api\/wp\/v2\/users\/2"}],"replies":[{"embeddable":true,"href":"https:\/\/www.ecoconscience.tv\/api\/wp\/v2\/comments?post=6324"}],"version-history":[{"count":0,"href":"https:\/\/www.ecoconscience.tv\/api\/wp\/v2\/posts\/6324\/revisions"}],"wp:featuredmedia":[{"embeddable":true,"href":"https:\/\/www.ecoconscience.tv\/api\/wp\/v2\/media\/6408"}],"wp:attachment":[{"href":"https:\/\/www.ecoconscience.tv\/api\/wp\/v2\/media?parent=6324"}],"wp:term":[{"taxonomy":"category","embeddable":true,"href":"https:\/\/www.ecoconscience.tv\/api\/wp\/v2\/categories?post=6324"},{"taxonomy":"post_tag","embeddable":true,"href":"https:\/\/www.ecoconscience.tv\/api\/wp\/v2\/tags?post=6324"},{"taxonomy":"odd","embeddable":true,"href":"https:\/\/www.ecoconscience.tv\/api\/wp\/v2\/odd?post=6324"}],"curies":[{"name":"wp","href":"https:\/\/api.w.org\/{rel}","templated":true}]}}