{"id":6318,"date":"2018-06-16T19:51:15","date_gmt":"2018-06-16T19:51:15","guid":{"rendered":"https:\/\/www.ecoconscience.net\/?p=6046"},"modified":"2018-06-16T19:51:15","modified_gmt":"2018-06-16T19:51:15","slug":"maison-tv5-monde-lancement-du-concept-demain-cest-eux-pour-une-releve-de-demain-qualifiee","status":"publish","type":"post","link":"https:\/\/www.ecoconscience.tv\/maison-tv5-monde-lancement-du-concept-demain-cest-eux-pour-une-releve-de-demain-qualifiee\/","title":{"rendered":"Maison TV5 Monde : Lancement du concept &quot;Demain c&#039;est eux&quot; pour une rel\u00e8ve de demain qualifi\u00e9e"},"content":{"rendered":"<p>C&rsquo;est une certitude. La jeunesse d&rsquo;aujourd&rsquo;hui mal form\u00e9e aura toutes les peines du monde pour pouvoir relever les grands d\u00e9fis de demain qui l&rsquo;attendent. Pour cela, l&rsquo;implication de tous les acteurs, parents, enseignants et gouvernement est indispensable pour lui assurer une bonne \u00e9ducation et formation afin qu&rsquo;elle puisse valablement contribuer plus tard au d\u00e9veloppement du pays. Pour amener ces acteurs sus cit\u00e9s \u00e0 plus de responsabilit\u00e9 dans l&rsquo;\u00e9ducation des enfants, avenir de demain, l&rsquo;Association Pr\u00e9cieux Tr\u00e9sor de Vie (APTV), la Maison TV5MONDE et l&rsquo;entreprise MICHCA SARL ont proc\u00e9d\u00e9 au lancement ce jeudi 16 juin \u00e0 Lom\u00e9, du programme \u00ab\u00a0Demain c&rsquo;est eux\u00a0\u00bb. Il vise \u00e0&#8230;<br \/>\nLa suite dans le reportage.<br \/>\nChris AGBEDINOU<\/p>\n","protected":false},"excerpt":{"rendered":"<p>C&rsquo;est une certitude. La jeunesse d&rsquo;aujourd&rsquo;hui mal form\u00e9e aura toutes les peines du monde pour pouvoir relever les grands d\u00e9fis de demain qui l&rsquo;attendent. Pour cela, l&rsquo;implication de tous les acteurs, parents, enseignants et gouvernement est indispensable pour lui assurer une bonne \u00e9ducation et formation afin qu&rsquo;elle puisse valablement contribuer plus tard au d\u00e9veloppement du [&hellip;]<\/p>\n","protected":false},"author":2,"featured_media":6402,"comment_status":"open","ping_status":"open","sticky":false,"template":"","format":"standard","meta":{"ec_post_video":"https:\/\/m.youtube.com\/watch?v=dcGsuNkWkFs"},"categories":[2],"tags":[],"odd":[585],"_links":{"self":[{"href":"https:\/\/www.ecoconscience.tv\/api\/wp\/v2\/posts\/6318"}],"collection":[{"href":"https:\/\/www.ecoconscience.tv\/api\/wp\/v2\/posts"}],"about":[{"href":"https:\/\/www.ecoconscience.tv\/api\/wp\/v2\/types\/post"}],"author":[{"embeddable":true,"href":"https:\/\/www.ecoconscience.tv\/api\/wp\/v2\/users\/2"}],"replies":[{"embeddable":true,"href":"https:\/\/www.ecoconscience.tv\/api\/wp\/v2\/comments?post=6318"}],"version-history":[{"count":0,"href":"https:\/\/www.ecoconscience.tv\/api\/wp\/v2\/posts\/6318\/revisions"}],"wp:featuredmedia":[{"embeddable":true,"href":"https:\/\/www.ecoconscience.tv\/api\/wp\/v2\/media\/6402"}],"wp:attachment":[{"href":"https:\/\/www.ecoconscience.tv\/api\/wp\/v2\/media?parent=6318"}],"wp:term":[{"taxonomy":"category","embeddable":true,"href":"https:\/\/www.ecoconscience.tv\/api\/wp\/v2\/categories?post=6318"},{"taxonomy":"post_tag","embeddable":true,"href":"https:\/\/www.ecoconscience.tv\/api\/wp\/v2\/tags?post=6318"},{"taxonomy":"odd","embeddable":true,"href":"https:\/\/www.ecoconscience.tv\/api\/wp\/v2\/odd?post=6318"}],"curies":[{"name":"wp","href":"https:\/\/api.w.org\/{rel}","templated":true}]}}