{"id":6316,"date":"2018-06-17T09:27:28","date_gmt":"2018-06-17T09:27:28","guid":{"rendered":"https:\/\/www.ecoconscience.net\/?p=6038"},"modified":"2018-06-17T09:27:28","modified_gmt":"2018-06-17T09:27:28","slug":"a-lechelle-mondiale-30-de-toutes-les-terres-ont-perdu-leur-vraie-valeur-en-raison-de-leur-degradation-m-barbut-secretaire-executive-cnulcd","status":"publish","type":"post","link":"https:\/\/www.ecoconscience.tv\/a-lechelle-mondiale-30-de-toutes-les-terres-ont-perdu-leur-vraie-valeur-en-raison-de-leur-degradation-m-barbut-secretaire-executive-cnulcd\/","title":{"rendered":"&quot;\u00c0 l&#039;\u00e9chelle mondiale, 30% de toutes les terres ont perdu leur vraie valeur en raison de leur d\u00e9gradation&quot;  M. Barbut, Secr\u00e9taire Ex\u00e9cutive CNULCD"},"content":{"rendered":"<p style=\"text-align: center;\"><strong>Message de Monique Barbut<\/strong><br \/>\n<strong> Secr\u00e9taire Ex\u00e9cutive de la CNULCD<\/strong><br \/>\n<strong> Journ\u00e9e Mondiale de Lutte contre la Desertification\u00a0<\/strong><br \/>\n<strong> 17 Juin 2018<\/strong><\/p>\n<blockquote><p>Cette ann\u00e9e, la Journ\u00e9e mondiale de la lutte contre la d\u00e9sertification sera l\u2019occasion de penser \u00e0 la r\u00e9elle valeur des terres. Pas seulement \u00e0 leur valeur \u00e9conomique. Les terres valent tellement plus que cela. Elles d\u00e9finissent notre mode de vie et notre culture &#8211; que nous vivions dans les villes ou dans les<br \/>\ncampagnes. Elles purifient l&rsquo;eau que nous buvons, elles nous nourrissent, elles nous entourent de beaut\u00e9.<br \/>\nCependant, la croissance d\u00e9mographique rapide et l&rsquo;\u00e9volution des modes de consommation ont exerc\u00e9 une pression excessive sur nos ressources terrestres limit\u00e9es. Cette pression a conduit, \u00e0 son tour, \u00e0 la d\u00e9gradation des terres dans le monde entier. \u00c0 l&rsquo;\u00e9chelle mondiale, trente pour cent de toutes les terres ont perdu leur vraie valeur en raison de leur d\u00e9gradation. Comment pouvons-nous r\u00e9pondre \u00e0 nos besoins les plus \u00e9l\u00e9mentaires &#8211; et encore moins \u00e0 nos d\u00e9sirs &#8211; quand la quantit\u00e9 de terres saines et productives diminue si radicalement ?<\/p><\/blockquote>\n<p>L&rsquo;avenir semble bien sombre. Heureusement, gr\u00e2ce \u00e0 de simples changements dans le comportement des consommateurs et des entreprises, et \u00e0 l&rsquo;adoption d&rsquo;une planification plus efficace et de pratiques durables, il peut y avoir assez de ressources pour tous. Assez de terres pour fournir suffisamment de nourriture et d&rsquo;eau pour tout le monde. Assez de terres pour fournir les autres biens et services dont nous avons besoin et que nous attendons de la nature.<br \/>\nDes choix et des compromis difficiles seront n\u00e9cessaires, notamment l\u2019engagement \u00e0 modifier nos habitudes de consommation, \u00e9tablies de longue date. Mais en prenant les bonnes d\u00e9cisions, l&rsquo;avenir sera beaucoup plus prosp\u00e8re.<br \/>\nDonc, je vous demanderais seulement de r\u00e9fl\u00e9chir \u00e0 ce que vous choisissez de manger, porter ou conduire et \u00e0 la fa\u00e7on dont vos choix ont un impact sur les terres &#8211; pour le meilleur<br \/>\nou pour le pire.<\/p>\n<blockquote><p><strong> Nous sommes tous, \u00e0 notre niveau, des d\u00e9cideurs. Dans notre vie quotidienne, nos choix ont des cons\u00e9quences. Et nos petites d\u00e9cisions peuvent transformer le monde. Essayons d&rsquo;agir en cons\u00e9quence.<\/strong><br \/>\n<strong> La nature nous offre de nombreuses opportunit\u00e9s. Travaillons ensemble pour transformer la fa\u00e7on dont nous consommons, produisons, travaillons et vivons ensemble sans compromettre notre s\u00e9curit\u00e9 environnementale, \u00e9conomique ou sociale, actuelle ou future. Sans compromettre les terres sur lesquelles tout repose.<\/strong><\/p><\/blockquote>\n<p>L&rsquo;objectif de d\u00e9veloppement durable visant \u00e0 atteindre la neutralit\u00e9 en mati\u00e8re de d\u00e9gradation des terres d&rsquo;ici 2030 est une r\u00e9ponse ambitieuse \u00e0 ces d\u00e9fis. Et une voie \u00e0 suivre pour aller de l\u2019avant, ensemble.<br \/>\nCela nous aidera \u00e0 conserver et \u00e0 g\u00e9rer les terres en bon \u00e9tat. Cela nous aidera \u00e0 restaurer les terres d\u00e9grad\u00e9es ; arr\u00eater l&rsquo;accaparement des terres ; lutter contre le changement climatique; augmenter la production alimentaire et fournir de l&rsquo;eau potable.<br \/>\nSoutenez l&rsquo;objectif de d\u00e9veloppement durable 15.<br \/>\nDites-nous comment vous comptez atteindre cet objectif de neutralit\u00e9 en mati\u00e8re de d\u00e9gradation des terres.<br \/>\nNotre mode de vie &#8211; sur terre &#8211; en d\u00e9pend.<br \/>\nsource :\u00a0https:\/\/www.unccd.int\/news-events\/2018wdcd-message-unccd-executive-secretary-ms-monique-barbut<\/p>\n","protected":false},"excerpt":{"rendered":"<p>Message de Monique Barbut Secr\u00e9taire Ex\u00e9cutive de la CNULCD Journ\u00e9e Mondiale de Lutte contre la Desertification\u00a0 17 Juin 2018 Cette ann\u00e9e, la Journ\u00e9e mondiale de la lutte contre la d\u00e9sertification sera l\u2019occasion de penser \u00e0 la r\u00e9elle valeur des terres. Pas seulement \u00e0 leur valeur \u00e9conomique. Les terres valent tellement plus que cela. Elles d\u00e9finissent [&hellip;]<\/p>\n","protected":false},"author":2,"featured_media":6400,"comment_status":"open","ping_status":"open","sticky":false,"template":"","format":"standard","meta":{"ec_post_video":"https:\/\/m.youtube.com\/watch?v=JcJ5_Y_bHaw"},"categories":[372],"tags":[1364,1442,1456,1192],"odd":[611],"_links":{"self":[{"href":"https:\/\/www.ecoconscience.tv\/api\/wp\/v2\/posts\/6316"}],"collection":[{"href":"https:\/\/www.ecoconscience.tv\/api\/wp\/v2\/posts"}],"about":[{"href":"https:\/\/www.ecoconscience.tv\/api\/wp\/v2\/types\/post"}],"author":[{"embeddable":true,"href":"https:\/\/www.ecoconscience.tv\/api\/wp\/v2\/users\/2"}],"replies":[{"embeddable":true,"href":"https:\/\/www.ecoconscience.tv\/api\/wp\/v2\/comments?post=6316"}],"version-history":[{"count":0,"href":"https:\/\/www.ecoconscience.tv\/api\/wp\/v2\/posts\/6316\/revisions"}],"wp:featuredmedia":[{"embeddable":true,"href":"https:\/\/www.ecoconscience.tv\/api\/wp\/v2\/media\/6400"}],"wp:attachment":[{"href":"https:\/\/www.ecoconscience.tv\/api\/wp\/v2\/media?parent=6316"}],"wp:term":[{"taxonomy":"category","embeddable":true,"href":"https:\/\/www.ecoconscience.tv\/api\/wp\/v2\/categories?post=6316"},{"taxonomy":"post_tag","embeddable":true,"href":"https:\/\/www.ecoconscience.tv\/api\/wp\/v2\/tags?post=6316"},{"taxonomy":"odd","embeddable":true,"href":"https:\/\/www.ecoconscience.tv\/api\/wp\/v2\/odd?post=6316"}],"curies":[{"name":"wp","href":"https:\/\/api.w.org\/{rel}","templated":true}]}}