{"id":6313,"date":"2018-06-06T17:07:04","date_gmt":"2018-06-06T17:07:04","guid":{"rendered":"https:\/\/www.ecoconscience.net\/?p=6010"},"modified":"2018-06-06T17:07:04","modified_gmt":"2018-06-06T17:07:04","slug":"jme-il-faut-etablir-le-principe-de-pollueur-payeur-elorm-amegadje-des-amis-de-la-terre-togo","status":"publish","type":"post","link":"https:\/\/www.ecoconscience.tv\/jme-il-faut-etablir-le-principe-de-pollueur-payeur-elorm-amegadje-des-amis-de-la-terre-togo\/","title":{"rendered":"JME: &quot;Il faut \u00e9tablir le principe de pollueur payeur&quot;, Elorm Amegadje  des Amis de la Terre-Togo"},"content":{"rendered":"<p>La 46\u00e8me \u00e9dition de la Journ\u00e9e Mondiale de l&rsquo;Environnement (JME) a \u00e9t\u00e9 c\u00e9l\u00e9br\u00e9e ce mardi 5 juin 2018 dans tous les pays du monde. Plac\u00e9e sous le th\u00e8me \u00ab\u00a0Combattre la pollution par le plastique\u00a0\u00bb, elle rappelle l&rsquo;importance de la pr\u00e9servation de la biodiversit\u00e9 en mettant cette fois si l&#8217;emphase sur la lutte contre l&rsquo;utilisation des plastiques non biod\u00e9gradables.<br \/>\nA la r\u00e9daction de EcoConscience TV, nous nous sommes int\u00e9ress\u00e9s au sujet pour faire l&rsquo;\u00e9tat des lieux de cette lutte au Togo et aussi parler des efforts qui restent \u00e0 faire pour efficacement combattre le ph\u00e9nom\u00e8ne aux nombreuses cons\u00e9quences tant sur l&rsquo;homme que sur l&rsquo;environnement. Notre invit\u00e9 pour cet entretien est Elorm Kokou AMEGADJE, il est le Directeur Ex\u00e9cutif par int\u00e9rim \u00e0 l&rsquo;ONG les Amis de la Terre-Togo.<br \/>\nLa r\u00e9daction<\/p>\n","protected":false},"excerpt":{"rendered":"<p>La 46\u00e8me \u00e9dition de la Journ\u00e9e Mondiale de l&rsquo;Environnement (JME) a \u00e9t\u00e9 c\u00e9l\u00e9br\u00e9e ce mardi 5 juin 2018 dans tous les pays du monde. Plac\u00e9e sous le th\u00e8me \u00ab\u00a0Combattre la pollution par le plastique\u00a0\u00bb, elle rappelle l&rsquo;importance de la pr\u00e9servation de la biodiversit\u00e9 en mettant cette fois si l&#8217;emphase sur la lutte contre l&rsquo;utilisation des [&hellip;]<\/p>\n","protected":false},"author":2,"featured_media":6396,"comment_status":"open","ping_status":"open","sticky":false,"template":"","format":"standard","meta":{"ec_post_video":"https:\/\/m.youtube.com\/watch?v=fFb-XxiNWq0"},"categories":[3],"tags":[],"odd":[605],"_links":{"self":[{"href":"https:\/\/www.ecoconscience.tv\/api\/wp\/v2\/posts\/6313"}],"collection":[{"href":"https:\/\/www.ecoconscience.tv\/api\/wp\/v2\/posts"}],"about":[{"href":"https:\/\/www.ecoconscience.tv\/api\/wp\/v2\/types\/post"}],"author":[{"embeddable":true,"href":"https:\/\/www.ecoconscience.tv\/api\/wp\/v2\/users\/2"}],"replies":[{"embeddable":true,"href":"https:\/\/www.ecoconscience.tv\/api\/wp\/v2\/comments?post=6313"}],"version-history":[{"count":0,"href":"https:\/\/www.ecoconscience.tv\/api\/wp\/v2\/posts\/6313\/revisions"}],"wp:featuredmedia":[{"embeddable":true,"href":"https:\/\/www.ecoconscience.tv\/api\/wp\/v2\/media\/6396"}],"wp:attachment":[{"href":"https:\/\/www.ecoconscience.tv\/api\/wp\/v2\/media?parent=6313"}],"wp:term":[{"taxonomy":"category","embeddable":true,"href":"https:\/\/www.ecoconscience.tv\/api\/wp\/v2\/categories?post=6313"},{"taxonomy":"post_tag","embeddable":true,"href":"https:\/\/www.ecoconscience.tv\/api\/wp\/v2\/tags?post=6313"},{"taxonomy":"odd","embeddable":true,"href":"https:\/\/www.ecoconscience.tv\/api\/wp\/v2\/odd?post=6313"}],"curies":[{"name":"wp","href":"https:\/\/api.w.org\/{rel}","templated":true}]}}