{"id":6312,"date":"2018-06-05T09:49:37","date_gmt":"2018-06-05T09:49:37","guid":{"rendered":"https:\/\/www.ecoconscience.net\/?p=5995"},"modified":"2018-06-05T09:49:37","modified_gmt":"2018-06-05T09:49:37","slug":"editorial-le-plastique-difficile-a-bannir-au-togo","status":"publish","type":"post","link":"https:\/\/www.ecoconscience.tv\/editorial-le-plastique-difficile-a-bannir-au-togo\/","title":{"rendered":"\u00c9ditorial: le plastique, difficile \u00e0 bannir au Togo"},"content":{"rendered":"<p>La communaut\u00e9 internationale c\u00e9l\u00e8bre ce mardi 05 juin 2018, la journ\u00e9e mondiale de l&rsquo;environnement. Pays h\u00f4te de l&rsquo;\u00e9dition, l&rsquo;Inde a choisi \u00ab\u00a0Combattre la pollution par le plastique\u00a0\u00bb comme th\u00e8me pour \u00e9veiller les consciences sur les cons\u00e9quences n\u00e9fastes qui d\u00e9coulent de l&rsquo;utilisation des plastiques sur l&rsquo;environnement et donc sur l&rsquo;homme.<\/p>\n<blockquote><p><strong>Il convient de rappeler qu&rsquo;en mati\u00e8re de lutte contre l&rsquo;utilisation des plastiques, le Togo devrait \u00eatre normalement un bel exemple \u00e0 citer, mais h\u00e9las!\u00a0<\/strong><br \/>\n<strong>L&rsquo;adoption le 05 janvier 2011 en effet de la loi interdisant l&rsquo;utilisation, la commercialisation, la production et l&rsquo;importation des sachets plastiques avait suscit\u00e9 un grand int\u00e9r\u00eat et espoir du c\u00f4t\u00e9 des environnementalistes qui voyaient en elle, une fin, du moins, une r\u00e9duction consid\u00e9rable de l&rsquo;utilisation des plastiques au Togo. Mais 7 ans apr\u00e8s, le constat reste amer.<\/strong><\/p><\/blockquote>\n<p>De la production de ces sachets qui continue de plus belle dans la zone franche, \u00e0 leur \u00e9talage sans aucune crainte dans nos march\u00e9s par les bonnes femmes, on comprend que la loi n&rsquo;est prise que pour la forme, son application n&rsquo;est encore l&rsquo;urgence de personne. La cons\u00e9quence directe de ce laxisme se voit dans les rues de nos villes, Lom\u00e9 la capitale en premi\u00e8re position. Les sachets plastiques y jonchent, les caniveaux bouch\u00e9s occasionnent chaque ann\u00e9e des inondations en saison pluvieuse ; tant pis pour les populations victimes. La plage n&rsquo;est pas du reste et de l\u00e0, c&rsquo;est la vie aquatique qui est en danger. \u00c0 chacun de tirer les le\u00e7ons de la non application de cette loi.<br \/>\nM\u00eame s&rsquo;il est vrai que l&rsquo;Agence Nationale de l&rsquo;Assainissement et de la Salubrit\u00e9 Publique (ANASAP) fait de son mieux pour r\u00e9duire la pollution des d\u00e9chets plastiques dans la capitale togolaise, ses efforts seront vains une fois que le plastique non biod\u00e9gradable restera d&rsquo;une utilisation quotidienne des togolais. Certaines organisations de la soci\u00e9t\u00e9 civile notamment, L&rsquo;ONG Sciences et Technologies en Afrique pour le D\u00e9veloppement Durable (STADD) et l&rsquo;initiative Eco jogging de F\u00e9lix Tagba sont \u00e0 f\u00e9liciter dans leur lutte contre ce fl\u00e9au. La premi\u00e8re organise p\u00e9riodiquement des op\u00e9rations de salubrit\u00e9 \u00e0 la plage. Aussi, est elle propri\u00e9taire de sept (07) unit\u00e9s de collectes de d\u00e9chets plastiques dans la capitale et vient d&rsquo;y ouvrir par ailleurs, une unit\u00e9 de collecte, de tri et recyclage des d\u00e9chets plastiques pour leur donner une seconde vie . Quant \u00e0 la seconde, elle est d\u00e9sormais championne du ramassage des sachets plastiques en pratiquant du sport dans les rues de Lom\u00e9, \u00ab\u00a0jadis la belle, aujourd&rsquo;hui la poubelle\u00a0\u00bb . Une fois encore, ces deux initiatives sont certes louables, mais il est important que l&rsquo;application de cette fameuse loi de janvier 2011 rentre effectivement dans sa phase d&rsquo;ex\u00e9cution apr\u00e8s les d\u00e9lais de conformit\u00e9s donn\u00e9s \u00e0 tous les acteurs de la cha\u00eene de commercialisation des plastiques au Togo. Nous avons besoin d&rsquo;un environnement sain pour des esprits sains.<br \/>\nIl est temps que la corruption \u00e0 un niveau donn\u00e9, le laxisme malfaiteur et l&rsquo;insouciance assassin de ceux qui sont appel\u00e9s \u00e0 faire respecter la loi donnent place \u00e0 des actions sur le terrain pour le bien de tous. Que la r\u00e9pression inscrite en cette loi soit appliqu\u00e9e afin que r\u00e8gne pour peu, le respect de l&rsquo;environnement. Enfin, la soci\u00e9t\u00e9 civile est appel\u00e9e \u00e0 continuer ses actions d&rsquo;\u00e9ducation et de veille citoyennes pour que les citoyens int\u00e8grent aussi dans leur habitude, l&rsquo;utilisation des sachets biod\u00e9gradables. Mettre fin \u00e0 la pollution plastique est une affaire de tous ! Le Civicbag est une alternative pratique, facile d&rsquo;acc\u00e8s et d&rsquo;usage.<br \/>\n<strong>La r\u00e9daction<\/strong><\/p>\n","protected":false},"excerpt":{"rendered":"<p>La communaut\u00e9 internationale c\u00e9l\u00e8bre ce mardi 05 juin 2018, la journ\u00e9e mondiale de l&rsquo;environnement. Pays h\u00f4te de l&rsquo;\u00e9dition, l&rsquo;Inde a choisi \u00ab\u00a0Combattre la pollution par le plastique\u00a0\u00bb comme th\u00e8me pour \u00e9veiller les consciences sur les cons\u00e9quences n\u00e9fastes qui d\u00e9coulent de l&rsquo;utilisation des plastiques sur l&rsquo;environnement et donc sur l&rsquo;homme. Il convient de rappeler qu&rsquo;en mati\u00e8re [&hellip;]<\/p>\n","protected":false},"author":2,"featured_media":6001,"comment_status":"open","ping_status":"open","sticky":false,"template":"","format":"standard","meta":{"ec_post_video":""},"categories":[372],"tags":[],"odd":[605],"_links":{"self":[{"href":"https:\/\/www.ecoconscience.tv\/api\/wp\/v2\/posts\/6312"}],"collection":[{"href":"https:\/\/www.ecoconscience.tv\/api\/wp\/v2\/posts"}],"about":[{"href":"https:\/\/www.ecoconscience.tv\/api\/wp\/v2\/types\/post"}],"author":[{"embeddable":true,"href":"https:\/\/www.ecoconscience.tv\/api\/wp\/v2\/users\/2"}],"replies":[{"embeddable":true,"href":"https:\/\/www.ecoconscience.tv\/api\/wp\/v2\/comments?post=6312"}],"version-history":[{"count":0,"href":"https:\/\/www.ecoconscience.tv\/api\/wp\/v2\/posts\/6312\/revisions"}],"wp:featuredmedia":[{"embeddable":true,"href":"https:\/\/www.ecoconscience.tv\/api\/wp\/v2\/media\/6001"}],"wp:attachment":[{"href":"https:\/\/www.ecoconscience.tv\/api\/wp\/v2\/media?parent=6312"}],"wp:term":[{"taxonomy":"category","embeddable":true,"href":"https:\/\/www.ecoconscience.tv\/api\/wp\/v2\/categories?post=6312"},{"taxonomy":"post_tag","embeddable":true,"href":"https:\/\/www.ecoconscience.tv\/api\/wp\/v2\/tags?post=6312"},{"taxonomy":"odd","embeddable":true,"href":"https:\/\/www.ecoconscience.tv\/api\/wp\/v2\/odd?post=6312"}],"curies":[{"name":"wp","href":"https:\/\/api.w.org\/{rel}","templated":true}]}}