{"id":6308,"date":"2018-05-31T13:35:59","date_gmt":"2018-05-31T13:35:59","guid":{"rendered":"https:\/\/www.ecoconscience.net\/?p=5971"},"modified":"2018-05-31T13:35:59","modified_gmt":"2018-05-31T13:35:59","slug":"long-stadd-redonne-vie-aux-dechets-plastiques-de-lome","status":"publish","type":"post","link":"https:\/\/www.ecoconscience.tv\/long-stadd-redonne-vie-aux-dechets-plastiques-de-lome\/","title":{"rendered":"L&#039;ONG STADD redonne vie aux d\u00e9chets plastiques de Lom\u00e9"},"content":{"rendered":"<p>Apr\u00e8s avoir r\u00e9ussi \u00e0 installer sept (07) unit\u00e9s de collecte de d\u00e9chets \u00e0 Lom\u00e9, L&rsquo;ONG Science et Technologie africaines pour un D\u00e9veloppement Durable (STADD) a atteint l&rsquo;un de ses plus grands objectifs, la mise en oeuvre de son projet de d\u00e9veloppement d&rsquo;une unit\u00e9 de collecte, tri et recyclage des d\u00e9chets plastiques dans la ville de Lom\u00e9.<br \/>\nOfficiellement lanc\u00e9e ce mercredi 30 mai 2018, c&rsquo;est une unit\u00e9 qui se repose sur trois piliers, l&rsquo;environnement, l&rsquo;\u00e9conomie et le social, en ce sens qu&rsquo;elle a en trois mois permis, de donner une seconde vie aux d\u00e9chets plastiques , la cr\u00e9ation d\u00e9j\u00e0 d&rsquo;une vingtaine d&#8217;emplois permanents et non permanents en faveur des couches les plus d\u00e9favoris\u00e9es.<br \/>\nLes d\u00e9tails \u00e0 suivre dans le reportage&#8230;<br \/>\nC. A<\/p>\n","protected":false},"excerpt":{"rendered":"<p>Apr\u00e8s avoir r\u00e9ussi \u00e0 installer sept (07) unit\u00e9s de collecte de d\u00e9chets \u00e0 Lom\u00e9, L&rsquo;ONG Science et Technologie africaines pour un D\u00e9veloppement Durable (STADD) a atteint l&rsquo;un de ses plus grands objectifs, la mise en oeuvre de son projet de d\u00e9veloppement d&rsquo;une unit\u00e9 de collecte, tri et recyclage des d\u00e9chets plastiques dans la ville de [&hellip;]<\/p>\n","protected":false},"author":2,"featured_media":6390,"comment_status":"open","ping_status":"open","sticky":false,"template":"","format":"standard","meta":{"ec_post_video":"https:\/\/m.youtube.com\/watch?v=b3dNrwd97Kc"},"categories":[2],"tags":[1428],"odd":[605],"_links":{"self":[{"href":"https:\/\/www.ecoconscience.tv\/api\/wp\/v2\/posts\/6308"}],"collection":[{"href":"https:\/\/www.ecoconscience.tv\/api\/wp\/v2\/posts"}],"about":[{"href":"https:\/\/www.ecoconscience.tv\/api\/wp\/v2\/types\/post"}],"author":[{"embeddable":true,"href":"https:\/\/www.ecoconscience.tv\/api\/wp\/v2\/users\/2"}],"replies":[{"embeddable":true,"href":"https:\/\/www.ecoconscience.tv\/api\/wp\/v2\/comments?post=6308"}],"version-history":[{"count":0,"href":"https:\/\/www.ecoconscience.tv\/api\/wp\/v2\/posts\/6308\/revisions"}],"wp:featuredmedia":[{"embeddable":true,"href":"https:\/\/www.ecoconscience.tv\/api\/wp\/v2\/media\/6390"}],"wp:attachment":[{"href":"https:\/\/www.ecoconscience.tv\/api\/wp\/v2\/media?parent=6308"}],"wp:term":[{"taxonomy":"category","embeddable":true,"href":"https:\/\/www.ecoconscience.tv\/api\/wp\/v2\/categories?post=6308"},{"taxonomy":"post_tag","embeddable":true,"href":"https:\/\/www.ecoconscience.tv\/api\/wp\/v2\/tags?post=6308"},{"taxonomy":"odd","embeddable":true,"href":"https:\/\/www.ecoconscience.tv\/api\/wp\/v2\/odd?post=6308"}],"curies":[{"name":"wp","href":"https:\/\/api.w.org\/{rel}","templated":true}]}}