{"id":6305,"date":"2018-05-28T23:26:07","date_gmt":"2018-05-28T23:26:07","guid":{"rendered":"https:\/\/www.ecoconscience.net\/?p=5949"},"modified":"2018-05-28T23:26:07","modified_gmt":"2018-05-28T23:26:07","slug":"crise-togolaise-le-cjd-se-rejouit-de-laccalmie-actuelle-apres-les-mois-dechauffourees","status":"publish","type":"post","link":"https:\/\/www.ecoconscience.tv\/crise-togolaise-le-cjd-se-rejouit-de-laccalmie-actuelle-apres-les-mois-dechauffourees\/","title":{"rendered":"Crise togolaise: Le CJD se r\u00e9jouit de l&#039;accalmie actuelle apr\u00e8s les mois d&#039;\u00e9chauffour\u00e9es"},"content":{"rendered":"<p>Le Collectif des Jeunes pour le D\u00e9veloppement (CJD) \u00e9tait en conf\u00e9rence de presse le samedi 26 mai dernier pour porter son regard sur la situation politique et \u00e9conomique actuelle du Togo. Face \u00e0 un parterre de journalistes pr\u00e9sents \u00e0 cette rencontre, les responsables dudit collectif ont exprim\u00e9 leur satisfaction quant \u00e0 la paix qui r\u00e8gne d\u00e9sormais apr\u00e8s des mois d&rsquo;\u00e9chauffour\u00e9es alors que les manifestations politiques \u00e9taient devenues le quotidien des togolais. De cette accalmie, le CJD pense que l&rsquo;organisation rapide des \u00e9lections l\u00e9gislatives et locales serait une bonne chose pour une sortie de crise d\u00e9finitive.<br \/>\nTout sur la conf\u00e9rence dans le reportage&#8230;<br \/>\nC. A<\/p>\n","protected":false},"excerpt":{"rendered":"<p>Le Collectif des Jeunes pour le D\u00e9veloppement (CJD) \u00e9tait en conf\u00e9rence de presse le samedi 26 mai dernier pour porter son regard sur la situation politique et \u00e9conomique actuelle du Togo. Face \u00e0 un parterre de journalistes pr\u00e9sents \u00e0 cette rencontre, les responsables dudit collectif ont exprim\u00e9 leur satisfaction quant \u00e0 la paix qui r\u00e8gne [&hellip;]<\/p>\n","protected":false},"author":2,"featured_media":6387,"comment_status":"open","ping_status":"open","sticky":false,"template":"","format":"standard","meta":{"ec_post_video":"https:\/\/m.youtube.com\/watch?v=SqItNbitl-o"},"categories":[2],"tags":[],"odd":[613],"_links":{"self":[{"href":"https:\/\/www.ecoconscience.tv\/api\/wp\/v2\/posts\/6305"}],"collection":[{"href":"https:\/\/www.ecoconscience.tv\/api\/wp\/v2\/posts"}],"about":[{"href":"https:\/\/www.ecoconscience.tv\/api\/wp\/v2\/types\/post"}],"author":[{"embeddable":true,"href":"https:\/\/www.ecoconscience.tv\/api\/wp\/v2\/users\/2"}],"replies":[{"embeddable":true,"href":"https:\/\/www.ecoconscience.tv\/api\/wp\/v2\/comments?post=6305"}],"version-history":[{"count":0,"href":"https:\/\/www.ecoconscience.tv\/api\/wp\/v2\/posts\/6305\/revisions"}],"wp:featuredmedia":[{"embeddable":true,"href":"https:\/\/www.ecoconscience.tv\/api\/wp\/v2\/media\/6387"}],"wp:attachment":[{"href":"https:\/\/www.ecoconscience.tv\/api\/wp\/v2\/media?parent=6305"}],"wp:term":[{"taxonomy":"category","embeddable":true,"href":"https:\/\/www.ecoconscience.tv\/api\/wp\/v2\/categories?post=6305"},{"taxonomy":"post_tag","embeddable":true,"href":"https:\/\/www.ecoconscience.tv\/api\/wp\/v2\/tags?post=6305"},{"taxonomy":"odd","embeddable":true,"href":"https:\/\/www.ecoconscience.tv\/api\/wp\/v2\/odd?post=6305"}],"curies":[{"name":"wp","href":"https:\/\/api.w.org\/{rel}","templated":true}]}}