{"id":6296,"date":"2018-05-17T10:17:56","date_gmt":"2018-05-17T10:17:56","guid":{"rendered":"https:\/\/www.ecoconscience.net\/?p=5889"},"modified":"2018-05-17T10:17:56","modified_gmt":"2018-05-17T10:17:56","slug":"les-chefs-detat-major-de-la-cedeao-adoptent-et-encouragent-lequipement-de-la-fac","status":"publish","type":"post","link":"https:\/\/www.ecoconscience.tv\/les-chefs-detat-major-de-la-cedeao-adoptent-et-encouragent-lequipement-de-la-fac\/","title":{"rendered":"Les Chefs d&#039;Etat-Major de la CEDEAO adoptent et encouragent l&#039;\u00e9quipement de la FAC"},"content":{"rendered":"<p>Cl\u00f4ture ce mercredi 16 mai 2018 des travaux de la 38\u00e8me r\u00e9union ordinaire des Chefs d&rsquo;Etat-major de la Communaut\u00e9 \u00c9conomique des \u00c9tats de l&rsquo;Afrique de l&rsquo;Ouest ( CEDEAO) \u00e0 Lom\u00e9.<\/p>\n<blockquote><p><strong>R\u00e9unis pour trouver de nouveaux m\u00e9canismes et moyens pour s\u00e9curiser davantage cette zone de commun partage \u00e0 16 pays, les chefs militaires sont arriv\u00e9s \u00e0 des d\u00e9cisions importantes, notamment, l&rsquo;adoption et l&rsquo;\u00e9quipement de la Force d&rsquo;Attente de la CEDEAO, la FAC.<\/strong><\/p><\/blockquote>\n<p>Plus de d\u00e9tails dans le reportage<br \/>\nC. A<\/p>\n","protected":false},"excerpt":{"rendered":"<p>Cl\u00f4ture ce mercredi 16 mai 2018 des travaux de la 38\u00e8me r\u00e9union ordinaire des Chefs d&rsquo;Etat-major de la Communaut\u00e9 \u00c9conomique des \u00c9tats de l&rsquo;Afrique de l&rsquo;Ouest ( CEDEAO) \u00e0 Lom\u00e9. R\u00e9unis pour trouver de nouveaux m\u00e9canismes et moyens pour s\u00e9curiser davantage cette zone de commun partage \u00e0 16 pays, les chefs militaires sont arriv\u00e9s \u00e0 [&hellip;]<\/p>\n","protected":false},"author":2,"featured_media":5890,"comment_status":"open","ping_status":"open","sticky":false,"template":"","format":"standard","meta":{"ec_post_video":"https:\/\/m.youtube.com\/watch?v=rvizzWI1HMk"},"categories":[2],"tags":[1368,969,1390,1248],"odd":[613],"_links":{"self":[{"href":"https:\/\/www.ecoconscience.tv\/api\/wp\/v2\/posts\/6296"}],"collection":[{"href":"https:\/\/www.ecoconscience.tv\/api\/wp\/v2\/posts"}],"about":[{"href":"https:\/\/www.ecoconscience.tv\/api\/wp\/v2\/types\/post"}],"author":[{"embeddable":true,"href":"https:\/\/www.ecoconscience.tv\/api\/wp\/v2\/users\/2"}],"replies":[{"embeddable":true,"href":"https:\/\/www.ecoconscience.tv\/api\/wp\/v2\/comments?post=6296"}],"version-history":[{"count":0,"href":"https:\/\/www.ecoconscience.tv\/api\/wp\/v2\/posts\/6296\/revisions"}],"wp:featuredmedia":[{"embeddable":true,"href":"https:\/\/www.ecoconscience.tv\/api\/wp\/v2\/media\/5890"}],"wp:attachment":[{"href":"https:\/\/www.ecoconscience.tv\/api\/wp\/v2\/media?parent=6296"}],"wp:term":[{"taxonomy":"category","embeddable":true,"href":"https:\/\/www.ecoconscience.tv\/api\/wp\/v2\/categories?post=6296"},{"taxonomy":"post_tag","embeddable":true,"href":"https:\/\/www.ecoconscience.tv\/api\/wp\/v2\/tags?post=6296"},{"taxonomy":"odd","embeddable":true,"href":"https:\/\/www.ecoconscience.tv\/api\/wp\/v2\/odd?post=6296"}],"curies":[{"name":"wp","href":"https:\/\/api.w.org\/{rel}","templated":true}]}}