{"id":6295,"date":"2018-05-16T13:28:22","date_gmt":"2018-05-16T13:28:22","guid":{"rendered":"https:\/\/www.ecoconscience.net\/?p=5884"},"modified":"2018-05-16T13:28:22","modified_gmt":"2018-05-16T13:28:22","slug":"itie-togo-nette-amelioration-de-la-gouvernance-dans-le-secteur-minier","status":"publish","type":"post","link":"https:\/\/www.ecoconscience.tv\/itie-togo-nette-amelioration-de-la-gouvernance-dans-le-secteur-minier\/","title":{"rendered":"ITIE &#8211; Togo:  nette am\u00e9lioration de la gouvernance dans le secteur minier"},"content":{"rendered":"<p>Le Forum National de la Redevabilit\u00e9 du Secteur Minier au Togo s&rsquo;ouvre officiellement ce 16 mai 2018 \u00e0 Lom\u00e9. En pr\u00e9lude \u00e0 cet \u00e9v\u00e9nement, un d\u00e9bat national entre toutes les parties prenantes s&rsquo;est tenu ce mardi 15 mai pour favoriser des discussions sur les impacts en termes de r\u00e9sultats de la mise en oeuvre de l&rsquo;Initiative pour la Transparence dans les Industries Extractives (ITIE) au Togo.<br \/>\nLes participants ont \u00e0 cet effet suivi entre autres communications, les retomb\u00e9es de la mise en oeuvre de la Norme ITIE sur les conditions de vie sociale dans les communaut\u00e9s proches des sites d&rsquo;exploitation mini\u00e8re : cas de la pr\u00e9fecture de Vo, l&rsquo;exp\u00e9rience de la transparence dans des contextes troubl\u00e9s par des conflits socio-\u00e9conomique et politique, et (&#8230;)<br \/>\nLire les d\u00e9tails dans la vid\u00e9o<br \/>\nChris AGBEDINOU<\/p>\n","protected":false},"excerpt":{"rendered":"<p>Le Forum National de la Redevabilit\u00e9 du Secteur Minier au Togo s&rsquo;ouvre officiellement ce 16 mai 2018 \u00e0 Lom\u00e9. En pr\u00e9lude \u00e0 cet \u00e9v\u00e9nement, un d\u00e9bat national entre toutes les parties prenantes s&rsquo;est tenu ce mardi 15 mai pour favoriser des discussions sur les impacts en termes de r\u00e9sultats de la mise en oeuvre de [&hellip;]<\/p>\n","protected":false},"author":2,"featured_media":6378,"comment_status":"open","ping_status":"open","sticky":false,"template":"","format":"standard","meta":{"ec_post_video":"https:\/\/m.youtube.com\/watch?v=_dyJDROOryQ"},"categories":[2],"tags":[],"odd":[605],"_links":{"self":[{"href":"https:\/\/www.ecoconscience.tv\/api\/wp\/v2\/posts\/6295"}],"collection":[{"href":"https:\/\/www.ecoconscience.tv\/api\/wp\/v2\/posts"}],"about":[{"href":"https:\/\/www.ecoconscience.tv\/api\/wp\/v2\/types\/post"}],"author":[{"embeddable":true,"href":"https:\/\/www.ecoconscience.tv\/api\/wp\/v2\/users\/2"}],"replies":[{"embeddable":true,"href":"https:\/\/www.ecoconscience.tv\/api\/wp\/v2\/comments?post=6295"}],"version-history":[{"count":0,"href":"https:\/\/www.ecoconscience.tv\/api\/wp\/v2\/posts\/6295\/revisions"}],"wp:featuredmedia":[{"embeddable":true,"href":"https:\/\/www.ecoconscience.tv\/api\/wp\/v2\/media\/6378"}],"wp:attachment":[{"href":"https:\/\/www.ecoconscience.tv\/api\/wp\/v2\/media?parent=6295"}],"wp:term":[{"taxonomy":"category","embeddable":true,"href":"https:\/\/www.ecoconscience.tv\/api\/wp\/v2\/categories?post=6295"},{"taxonomy":"post_tag","embeddable":true,"href":"https:\/\/www.ecoconscience.tv\/api\/wp\/v2\/tags?post=6295"},{"taxonomy":"odd","embeddable":true,"href":"https:\/\/www.ecoconscience.tv\/api\/wp\/v2\/odd?post=6295"}],"curies":[{"name":"wp","href":"https:\/\/api.w.org\/{rel}","templated":true}]}}