{"id":6294,"date":"2018-05-14T18:56:28","date_gmt":"2018-05-14T18:56:28","guid":{"rendered":"https:\/\/www.ecoconscience.net\/?p=5871"},"modified":"2018-05-14T18:56:28","modified_gmt":"2018-05-14T18:56:28","slug":"les-responsables-militaires-de-la-cedeao-en-reunion-a-lome","status":"publish","type":"post","link":"https:\/\/www.ecoconscience.tv\/les-responsables-militaires-de-la-cedeao-en-reunion-a-lome\/","title":{"rendered":"Les responsables militaires de la CEDEAO en r\u00e9union \u00e0 Lom\u00e9"},"content":{"rendered":"<p>La 38\u00e8me r\u00e9union du Comit\u00e9 des Chefs d&rsquo;Etat-major de la CEDEAO s&rsquo;est ouverte ce lundi 14 mai 2018 \u00e0 Lom\u00e9, avec en toile de fond, les questions relatives aux actes criminels et surtout de terrorisme qui ne cessent de secouer ces derni\u00e8res ann\u00e9es cet espace sous r\u00e9gional ouest africain regroupant seize (16) pays.<br \/>\nIl s&rsquo;agira entre autres de fa\u00e7on concr\u00e8te pour ces principaux responsables militaires, de s&rsquo;informer sur les op\u00e9rations actuelles de la CEDEAO afin de proposer de nouvelles orientations pour plus de s\u00e9curit\u00e9 au sein de l&rsquo;espace, la n\u00e9cessit\u00e9 pour eux de renforcer les capacit\u00e9s logistiques pour rendre plus efficace le d\u00e9ploiement et la gestion des missions de soutien \u00e0 la paix.<br \/>\nConform\u00e9ment au vouloir de la conf\u00e9rence des Chefs d&rsquo;\u00c9tats et de gouvernements de la CEDEAO d&rsquo;apporter son soutien \u00e0 la force conjointe du G5 Sahel lors de sa session extraordinaire sur la Guin\u00e9e-Bissau tenue \u00e0 Lom\u00e9 en avril dernier, il sera aussi question lors de ces assises de trois (03) jours, de clairement d\u00e9finir le r\u00f4le que peut jouer la force sous r\u00e9gionale aux c\u00f4t\u00e9s non seulement de cette derni\u00e8re, mais aussi \u00e0 celle multinationale mixte du bassin du lac Tchad qui combat le groupe terroriste Boko Haram.<br \/>\nPlus de d\u00e9tails sur cette r\u00e9union qui s&rsquo;inscrit bien dans l&rsquo;ODD 16 de l&rsquo;agenda 2030, dans la vid\u00e9o reportage.<br \/>\nChris AGBEDINOU<\/p>\n","protected":false},"excerpt":{"rendered":"<p>La 38\u00e8me r\u00e9union du Comit\u00e9 des Chefs d&rsquo;Etat-major de la CEDEAO s&rsquo;est ouverte ce lundi 14 mai 2018 \u00e0 Lom\u00e9, avec en toile de fond, les questions relatives aux actes criminels et surtout de terrorisme qui ne cessent de secouer ces derni\u00e8res ann\u00e9es cet espace sous r\u00e9gional ouest africain regroupant seize (16) pays. Il s&rsquo;agira [&hellip;]<\/p>\n","protected":false},"author":2,"featured_media":6376,"comment_status":"open","ping_status":"open","sticky":false,"template":"","format":"standard","meta":{"ec_post_video":"https:\/\/m.youtube.com\/watch?v=boYXjR4XrGc"},"categories":[2],"tags":[1368,969,92,1248],"odd":[613],"_links":{"self":[{"href":"https:\/\/www.ecoconscience.tv\/api\/wp\/v2\/posts\/6294"}],"collection":[{"href":"https:\/\/www.ecoconscience.tv\/api\/wp\/v2\/posts"}],"about":[{"href":"https:\/\/www.ecoconscience.tv\/api\/wp\/v2\/types\/post"}],"author":[{"embeddable":true,"href":"https:\/\/www.ecoconscience.tv\/api\/wp\/v2\/users\/2"}],"replies":[{"embeddable":true,"href":"https:\/\/www.ecoconscience.tv\/api\/wp\/v2\/comments?post=6294"}],"version-history":[{"count":0,"href":"https:\/\/www.ecoconscience.tv\/api\/wp\/v2\/posts\/6294\/revisions"}],"wp:featuredmedia":[{"embeddable":true,"href":"https:\/\/www.ecoconscience.tv\/api\/wp\/v2\/media\/6376"}],"wp:attachment":[{"href":"https:\/\/www.ecoconscience.tv\/api\/wp\/v2\/media?parent=6294"}],"wp:term":[{"taxonomy":"category","embeddable":true,"href":"https:\/\/www.ecoconscience.tv\/api\/wp\/v2\/categories?post=6294"},{"taxonomy":"post_tag","embeddable":true,"href":"https:\/\/www.ecoconscience.tv\/api\/wp\/v2\/tags?post=6294"},{"taxonomy":"odd","embeddable":true,"href":"https:\/\/www.ecoconscience.tv\/api\/wp\/v2\/odd?post=6294"}],"curies":[{"name":"wp","href":"https:\/\/api.w.org\/{rel}","templated":true}]}}