{"id":6293,"date":"2018-05-12T10:36:58","date_gmt":"2018-05-12T10:36:58","guid":{"rendered":"https:\/\/www.ecoconscience.net\/?p=5866"},"modified":"2018-05-12T10:36:58","modified_gmt":"2018-05-12T10:36:58","slug":"magistrats-et-agents-du-cordon-douanier-invites-dans-la-lutte-contre-les-pops","status":"publish","type":"post","link":"https:\/\/www.ecoconscience.tv\/magistrats-et-agents-du-cordon-douanier-invites-dans-la-lutte-contre-les-pops\/","title":{"rendered":"Magistrats et agents du cordon douanier invit\u00e9s dans la lutte contre les POPs"},"content":{"rendered":"<p>La lutte acharn\u00e9e contre les Polluants Organiques Persistants (POPs) continue de plus belle au Togo avec l&rsquo;implication des acteurs cl\u00e9s pouvant aider \u00e0 freiner ou \u00e0 emp\u00eacher l&rsquo;importation et la commercialisation de ces substances chimiques nuisibles \u00e0 l&rsquo;homme et \u00e0 l&rsquo;environnement dans notre pays. Ainsi, un atelier de formation sur la mise en oeuvre de la convention de Stockholm sur les POPs et des autres conventions sur les produits chimiques s&rsquo;est tenu ce vendredi 11mai \u00e0 Lom\u00e9, sous l&rsquo;\u00e9gide de la cellule de lutte contre les POPs du minist\u00e8re de l&rsquo;environnement.<br \/>\nIl a r\u00e9uni plusieurs magistrats, des auxiliaires de justice et des agents du cordon douanier des r\u00e9gions Maritime et des Plateaux autour des th\u00e8mes notamment , l&rsquo;introduction au droit international de l&rsquo;environnement : principes, proc\u00e9dures et institutions ou encore, le cadre juridique de gestion des produits chimiques au Togo.<br \/>\nLes d\u00e9tails dans le Reportage&#8230;<br \/>\nC. A<\/p>\n","protected":false},"excerpt":{"rendered":"<p>La lutte acharn\u00e9e contre les Polluants Organiques Persistants (POPs) continue de plus belle au Togo avec l&rsquo;implication des acteurs cl\u00e9s pouvant aider \u00e0 freiner ou \u00e0 emp\u00eacher l&rsquo;importation et la commercialisation de ces substances chimiques nuisibles \u00e0 l&rsquo;homme et \u00e0 l&rsquo;environnement dans notre pays. Ainsi, un atelier de formation sur la mise en oeuvre de [&hellip;]<\/p>\n","protected":false},"author":2,"featured_media":6375,"comment_status":"open","ping_status":"open","sticky":false,"template":"","format":"standard","meta":{"ec_post_video":"https:\/\/m.youtube.com\/watch?v=cE6DUmxHmhg"},"categories":[2],"tags":[1430,888,15],"odd":[605],"_links":{"self":[{"href":"https:\/\/www.ecoconscience.tv\/api\/wp\/v2\/posts\/6293"}],"collection":[{"href":"https:\/\/www.ecoconscience.tv\/api\/wp\/v2\/posts"}],"about":[{"href":"https:\/\/www.ecoconscience.tv\/api\/wp\/v2\/types\/post"}],"author":[{"embeddable":true,"href":"https:\/\/www.ecoconscience.tv\/api\/wp\/v2\/users\/2"}],"replies":[{"embeddable":true,"href":"https:\/\/www.ecoconscience.tv\/api\/wp\/v2\/comments?post=6293"}],"version-history":[{"count":0,"href":"https:\/\/www.ecoconscience.tv\/api\/wp\/v2\/posts\/6293\/revisions"}],"wp:featuredmedia":[{"embeddable":true,"href":"https:\/\/www.ecoconscience.tv\/api\/wp\/v2\/media\/6375"}],"wp:attachment":[{"href":"https:\/\/www.ecoconscience.tv\/api\/wp\/v2\/media?parent=6293"}],"wp:term":[{"taxonomy":"category","embeddable":true,"href":"https:\/\/www.ecoconscience.tv\/api\/wp\/v2\/categories?post=6293"},{"taxonomy":"post_tag","embeddable":true,"href":"https:\/\/www.ecoconscience.tv\/api\/wp\/v2\/tags?post=6293"},{"taxonomy":"odd","embeddable":true,"href":"https:\/\/www.ecoconscience.tv\/api\/wp\/v2\/odd?post=6293"}],"curies":[{"name":"wp","href":"https:\/\/api.w.org\/{rel}","templated":true}]}}