{"id":6290,"date":"2018-04-25T23:20:32","date_gmt":"2018-04-25T23:20:32","guid":{"rendered":"https:\/\/www.ecoconscience.net\/?p=5832"},"modified":"2018-04-25T23:20:32","modified_gmt":"2018-04-25T23:20:32","slug":"afriart-et-culture-pour-leducation-par-le-theatre","status":"publish","type":"post","link":"https:\/\/www.ecoconscience.tv\/afriart-et-culture-pour-leducation-par-le-theatre\/","title":{"rendered":"Afri&#039;&#039;Art et Culture pour l&#039;\u00e9ducation par le th\u00e9\u00e2tre"},"content":{"rendered":"<p>L&rsquo;Association Afri\u00a0\u00bbArt et Culture \u00e9tait dans le cadre de son festival Eduk -Th\u00e9\u00e2tre Arts Enfance et Jeunesse, \u00e0 Ts\u00e9vi\u00e9 (35 km au nord de Lom\u00e9) du 19 au 21 f\u00e9vrier dernier pour la formation et la cr\u00e9ation de troupes de th\u00e9\u00e2tres tant dans les \u00e9coles priv\u00e9es que publiques de la pr\u00e9fecture de Zio. L&rsquo;initiative qui est \u00e0 sa 4\u00e8me \u00e9dition cette ann\u00e9e avait en effet, le but de promouvoir la discipline th\u00e9\u00e2trale en milieux scolaires et universitaires en vue de rendre compl\u00e8te l&rsquo;\u00e9ducation des \u00e9l\u00e8ves et \u00e9tudiants en leur apportant ainsi des possibilit\u00e9s de choix dans leur vie de carri\u00e8re. Ainsi, apr\u00e8s la phase de formation, les diff\u00e9rents \u00e9tablissements qui ont pris part au festival ont comp\u00e9ti au grand challenge Eduk-th\u00e9\u00e2tre avec des spectacles b\u00e2tis sur le civisme, l&rsquo;\u00e9ducation de la jeune fille et autre, la lutte contre les maladies sexuellement transmissibles.<br \/>\nPlus de d\u00e9tails dans ce dossier de la r\u00e9daction.<\/p>\n","protected":false},"excerpt":{"rendered":"<p>L&rsquo;Association Afri\u00a0\u00bbArt et Culture \u00e9tait dans le cadre de son festival Eduk -Th\u00e9\u00e2tre Arts Enfance et Jeunesse, \u00e0 Ts\u00e9vi\u00e9 (35 km au nord de Lom\u00e9) du 19 au 21 f\u00e9vrier dernier pour la formation et la cr\u00e9ation de troupes de th\u00e9\u00e2tres tant dans les \u00e9coles priv\u00e9es que publiques de la pr\u00e9fecture de Zio. L&rsquo;initiative qui [&hellip;]<\/p>\n","protected":false},"author":2,"featured_media":5834,"comment_status":"open","ping_status":"open","sticky":false,"template":"","format":"standard","meta":{"ec_post_video":"https:\/\/m.youtube.com\/watch?v=spIUbc6Rz4w"},"categories":[372],"tags":[],"odd":[],"_links":{"self":[{"href":"https:\/\/www.ecoconscience.tv\/api\/wp\/v2\/posts\/6290"}],"collection":[{"href":"https:\/\/www.ecoconscience.tv\/api\/wp\/v2\/posts"}],"about":[{"href":"https:\/\/www.ecoconscience.tv\/api\/wp\/v2\/types\/post"}],"author":[{"embeddable":true,"href":"https:\/\/www.ecoconscience.tv\/api\/wp\/v2\/users\/2"}],"replies":[{"embeddable":true,"href":"https:\/\/www.ecoconscience.tv\/api\/wp\/v2\/comments?post=6290"}],"version-history":[{"count":0,"href":"https:\/\/www.ecoconscience.tv\/api\/wp\/v2\/posts\/6290\/revisions"}],"wp:featuredmedia":[{"embeddable":true,"href":"https:\/\/www.ecoconscience.tv\/api\/wp\/v2\/media\/5834"}],"wp:attachment":[{"href":"https:\/\/www.ecoconscience.tv\/api\/wp\/v2\/media?parent=6290"}],"wp:term":[{"taxonomy":"category","embeddable":true,"href":"https:\/\/www.ecoconscience.tv\/api\/wp\/v2\/categories?post=6290"},{"taxonomy":"post_tag","embeddable":true,"href":"https:\/\/www.ecoconscience.tv\/api\/wp\/v2\/tags?post=6290"},{"taxonomy":"odd","embeddable":true,"href":"https:\/\/www.ecoconscience.tv\/api\/wp\/v2\/odd?post=6290"}],"curies":[{"name":"wp","href":"https:\/\/api.w.org\/{rel}","templated":true}]}}