{"id":6282,"date":"2018-04-02T12:08:02","date_gmt":"2018-04-02T12:08:02","guid":{"rendered":"https:\/\/www.ecoconscience.net\/?p=5685"},"modified":"2018-04-02T12:08:02","modified_gmt":"2018-04-02T12:08:02","slug":"le-parc-adjitart-ou-le-temple-du-savoir-artistique-2","status":"publish","type":"post","link":"https:\/\/www.ecoconscience.tv\/le-parc-adjitart-ou-le-temple-du-savoir-artistique-2\/","title":{"rendered":"Le parc Adjit&#039;Art ou le temple du savoir artistique"},"content":{"rendered":"<blockquote><p><strong>Ils sont artistes plasticiens, peintres, marionnettistes, chor\u00e9graphes, sculpteurs et autre, des musiciens \u00e0 se retrouver depuis le samedi 31 mars dernier et ce pour une semaine, au parc Adjit&rsquo;Art (site \u00e0 Ts\u00e9vi\u00e9, une quarantaine de kilom\u00e8tres au nord Lom\u00e9) du c\u00e9l\u00e8bre artiste sculpteur Ake O&rsquo;LOKAN pour la deuxi\u00e8me \u00e9dition des rencontres Adjit&rsquo;art. <\/strong><\/p><\/blockquote>\n<p>Venus d&rsquo;Europe et de la sous r\u00e9gion ouest africaine, ces artistes cr\u00e9eront et partageront leurs exp\u00e9riences avec la jeune g\u00e9n\u00e9ration d&rsquo;artistes pour garantir la rel\u00e8ve. C&rsquo;est donc un cadre d&rsquo;\u00e9change de connaissances pour valoriser davantage l&rsquo;art et la culture avec l&rsquo;id\u00e9e de contribuer au d\u00e9veloppement du pays. Une exposition des oeuvres r\u00e9alis\u00e9es dans les ateliers pendant cette semaine charg\u00e9e d&rsquo;activit\u00e9s culturelles aura lieu le samedi 8 avril prochain, dernier jour de l&rsquo;\u00e9v\u00e9nement.<br \/>\nPlus de d\u00e9tails dans le reportage..<br \/>\nChris.A<\/p>\n<blockquote><p>&nbsp;<\/p><\/blockquote>\n","protected":false},"excerpt":{"rendered":"<p>Ils sont artistes plasticiens, peintres, marionnettistes, chor\u00e9graphes, sculpteurs et autre, des musiciens \u00e0 se retrouver depuis le samedi 31 mars dernier et ce pour une semaine, au parc Adjit&rsquo;Art (site \u00e0 Ts\u00e9vi\u00e9, une quarantaine de kilom\u00e8tres au nord Lom\u00e9) du c\u00e9l\u00e8bre artiste sculpteur Ake O&rsquo;LOKAN pour la deuxi\u00e8me \u00e9dition des rencontres Adjit&rsquo;art. Venus d&rsquo;Europe et [&hellip;]<\/p>\n","protected":false},"author":2,"featured_media":5687,"comment_status":"open","ping_status":"open","sticky":false,"template":"","format":"standard","meta":{"ec_post_video":"https:\/\/m.youtube.com\/watch?v=0D4lavfqFvs"},"categories":[372],"tags":[],"odd":[],"_links":{"self":[{"href":"https:\/\/www.ecoconscience.tv\/api\/wp\/v2\/posts\/6282"}],"collection":[{"href":"https:\/\/www.ecoconscience.tv\/api\/wp\/v2\/posts"}],"about":[{"href":"https:\/\/www.ecoconscience.tv\/api\/wp\/v2\/types\/post"}],"author":[{"embeddable":true,"href":"https:\/\/www.ecoconscience.tv\/api\/wp\/v2\/users\/2"}],"replies":[{"embeddable":true,"href":"https:\/\/www.ecoconscience.tv\/api\/wp\/v2\/comments?post=6282"}],"version-history":[{"count":0,"href":"https:\/\/www.ecoconscience.tv\/api\/wp\/v2\/posts\/6282\/revisions"}],"wp:featuredmedia":[{"embeddable":true,"href":"https:\/\/www.ecoconscience.tv\/api\/wp\/v2\/media\/5687"}],"wp:attachment":[{"href":"https:\/\/www.ecoconscience.tv\/api\/wp\/v2\/media?parent=6282"}],"wp:term":[{"taxonomy":"category","embeddable":true,"href":"https:\/\/www.ecoconscience.tv\/api\/wp\/v2\/categories?post=6282"},{"taxonomy":"post_tag","embeddable":true,"href":"https:\/\/www.ecoconscience.tv\/api\/wp\/v2\/tags?post=6282"},{"taxonomy":"odd","embeddable":true,"href":"https:\/\/www.ecoconscience.tv\/api\/wp\/v2\/odd?post=6282"}],"curies":[{"name":"wp","href":"https:\/\/api.w.org\/{rel}","templated":true}]}}